{"id":455,"date":"2018-06-05T12:40:57","date_gmt":"2018-06-05T15:40:57","guid":{"rendered":"http:\/\/dgospel.com.br\/portal\/?p=455"},"modified":"2018-06-05T12:40:57","modified_gmt":"2018-06-05T15:40:57","slug":"incendios-sao-mais-frequentes-durante-a-epoca-de-seca-e-ventos-fortes-saiba-quais-os-cuidados-que-devem-ser-tomados","status":"publish","type":"post","link":"https:\/\/dgospel.com.br\/portal\/index.php\/2018\/06\/05\/incendios-sao-mais-frequentes-durante-a-epoca-de-seca-e-ventos-fortes-saiba-quais-os-cuidados-que-devem-ser-tomados\/","title":{"rendered":"Inc\u00eandios s\u00e3o mais frequentes durante a \u00e9poca de seca e ventos fortes; saiba quais os cuidados que devem ser tomados"},"content":{"rendered":"<p class=\"yiv4844232869MsoNormal\">Em tempos de estiagem, o calor extremo e baixa umidade relativa do ar contribuem para aumentar a quantidade de inc\u00eandio em vegeta\u00e7\u00e3o, terrenos baldios e pastagens. Entretanto, as queimadas podem ser evitadas com pequenas atitudes di\u00e1rias. Para evitar o risco e, principalmente, as consequ\u00eancias dos focos de calor, a Secretaria de Seguran\u00e7a e Mobilidade Urbana (Sesmu) alerta para alguns cuidados simples.<\/p>\n<p class=\"yiv4844232869MsoNormal\">Segundo o superintendente da Defesa Civil Municipal, Iranilton Sales. \u201cEsse clima quente e seco favorece muito a propaga\u00e7\u00e3o de inc\u00eandios, ele orienta abolir o uso do fogo para limpar terrenos para a agricultura, ou evitar queimar galhos e folhas em quintais, cuja fuma\u00e7a gera problemas respirat\u00f3rios. As folhas devem ser acondicionadas em sacos e colocados em local adequado para descarte e coleta pelo servi\u00e7o de limpeza p\u00fablica\u201d, ressalta Sales.<\/p>\n<p class=\"yiv4844232869MsoNormal\">O superintendente tamb\u00e9m\u00a0 orienta que \u00e9 preciso capinar terrenos e remover materiais que podem servir de combust\u00edvel para o fogo. \u201cNo mesmo sentido n\u00e3o se deve lan\u00e7ar pontas de cigarro, seja pela janela do ve\u00edculo ou a p\u00e9, no per\u00edmetro urbano ou estradas, j\u00e1 que a vegeta\u00e7\u00e3o seca pega fogo com facilidade\u201d.<\/p>\n<p class=\"yiv4844232869MsoNormal\">Outra atitude a ser evitada \u00e9 acender velas em cemit\u00e9rios no per\u00edodo seco, bem como descartar latas de metal e vidro em terrenos baldios que podem aquecer com a incid\u00eancia do sol e acabar dando origem \u00e0s queimadas. O \u00f3rg\u00e3o recomenda que as pessoas liguem imediatamente para o telefone 190 ou 153 assim que presenciarem focos de inc\u00eandio.<\/p>\n<p class=\"yiv4844232869MsoNormal\"><b>Dia D<\/b><\/p>\n<p class=\"yiv4844232869MsoNormal\">Com foco na preven\u00e7\u00e3o, a Secretaria de Seguran\u00e7a e Mobilidade Urbana (Sesmu) promove a\u00e7\u00f5es educativas no pr\u00f3ximo dia 14, quando ser\u00e1 realizado, em Palmas, o Dia D de combate \u00e0s queimadas. A a\u00e7\u00e3o contar\u00e1 com a participa\u00e7\u00e3o dos membros do Comit\u00ea do Fogo, formado por \u00f3rg\u00e3os federais, estaduais e municipais.<\/p>\n","protected":false},"excerpt":{"rendered":"<p>Em tempos de estiagem, o calor extremo e baixa umidade relativa do ar contribuem para aumentar a quantidade de inc\u00eandio em vegeta\u00e7\u00e3o, terrenos baldios e pastagens. Entretanto, as queimadas podem ser evitadas com pequenas atitudes di\u00e1rias. Para evitar o risco e, principalmente, as consequ\u00eancias dos focos de calor, a Secretaria de Seguran\u00e7a e Mobilidade Urbana [&hellip;]<\/p>\n","protected":false},"author":2,"featured_media":456,"comment_status":"open","ping_status":"open","sticky":false,"template":"","format":"standard","meta":[],"categories":[3],"tags":[],"_links":{"self":[{"href":"https:\/\/dgospel.com.br\/portal\/index.php\/wp-json\/wp\/v2\/posts\/455"}],"collection":[{"href":"https:\/\/dgospel.com.br\/portal\/index.php\/wp-json\/wp\/v2\/posts"}],"about":[{"href":"https:\/\/dgospel.com.br\/portal\/index.php\/wp-json\/wp\/v2\/types\/post"}],"author":[{"embeddable":true,"href":"https:\/\/dgospel.com.br\/portal\/index.php\/wp-json\/wp\/v2\/users\/2"}],"replies":[{"embeddable":true,"href":"https:\/\/dgospel.com.br\/portal\/index.php\/wp-json\/wp\/v2\/comments?post=455"}],"version-history":[{"count":1,"href":"https:\/\/dgospel.com.br\/portal\/index.php\/wp-json\/wp\/v2\/posts\/455\/revisions"}],"predecessor-version":[{"id":457,"href":"https:\/\/dgospel.com.br\/portal\/index.php\/wp-json\/wp\/v2\/posts\/455\/revisions\/457"}],"wp:featuredmedia":[{"embeddable":true,"href":"https:\/\/dgospel.com.br\/portal\/index.php\/wp-json\/wp\/v2\/media\/456"}],"wp:attachment":[{"href":"https:\/\/dgospel.com.br\/portal\/index.php\/wp-json\/wp\/v2\/media?parent=455"}],"wp:term":[{"taxonomy":"category","embeddable":true,"href":"https:\/\/dgospel.com.br\/portal\/index.php\/wp-json\/wp\/v2\/categories?post=455"},{"taxonomy":"post_tag","embeddable":true,"href":"https:\/\/dgospel.com.br\/portal\/index.php\/wp-json\/wp\/v2\/tags?post=455"}],"curies":[{"name":"wp","href":"https:\/\/api.w.org\/{rel}","templated":true}]}}