{"id":4555,"date":"2019-12-16T12:39:51","date_gmt":"2019-12-16T15:39:51","guid":{"rendered":"http:\/\/dgospel.com.br\/portal\/?p=4555"},"modified":"2019-12-16T12:40:25","modified_gmt":"2019-12-16T15:40:25","slug":"helio-santana-emite-nota-de-pesar-lamentando-o-falecimento-do-presbitero-marcos-lopes","status":"publish","type":"post","link":"https:\/\/dgospel.com.br\/portal\/index.php\/2019\/12\/16\/helio-santana-emite-nota-de-pesar-lamentando-o-falecimento-do-presbitero-marcos-lopes\/","title":{"rendered":"H\u00e9lio Santana emite nota de pesar lamentando o falecimento do Presb\u00edtero Marcos Lopes"},"content":{"rendered":"\n<p>O vereador H\u00e9lio Santana emitiu nota de pesar lamentando o\nfalecimento do Presb\u00edtero Marcos Lopes, que veio a \u00f3bito na madrugada desta\nsegunda-feira, 16, na capital Palmas, v\u00edtima de morte cerebral ap\u00f3s ser\nalvejado por tiros na noite do \u00faltimo s\u00e1bado. <\/p>\n\n\n\n<p><strong>Nota\nde Pesar<\/strong><\/p>\n\n\n\n<p>Com pesar, presto minhas sinceras condol\u00eancias \u00e0 fam\u00edlia e\namigos pelo falecimento do Presb\u00edtero Marcos Lopes, que era servidor p\u00fablico do\nMunic\u00edpio de Palmas, Presidente da Associa\u00e7\u00e3o dos M\u00fasicos de Palmas e defendia\nos servidores p\u00fablicos municipais como Diretor do Sindicato dos Servidores\nP\u00fablicos Municipais de Palmas (SISEMP).<\/p>\n\n\n\n<p>Marcos \u00e9 um amigo que sempre nos apoiou e estava presente\nem nosso mandato, um senhor cheio de amor \u00e0 obra de Deus e sempre demonstrou\ngrande afeto a sua fam\u00edlia e irm\u00e3os, sua partida nos traz grande tristeza.<\/p>\n\n\n\n<p>Associo o meu voto de pesar a fam\u00edlia e amigos, pedindo ao\npoderoso Deus que conforte seus cora\u00e7\u00f5es.<\/p>\n\n\n\n<p>O Vel\u00f3rio acontecer\u00e1 na Avenida E, QD 20, lote 06 no Jardim\nAureny IV, ao lado da loja de material para Constru\u00e7\u00e3o Quatro Irm\u00e3os, no templo\nsede da &nbsp;Assembleia de Deus CiadSeta,\ncampo Aureny 4.<\/p>\n\n\n\n<p>\u201cO Senhor \u00e9 a minha rocha, a minha fortaleza e o meu\nlibertador; o meu Deus \u00e9 o meu rochedo, em quem me ref\u00fagio. Ele \u00e9 o meu escudo\ne o poder que me salva, a minha torre alta\u201d. Salmos 18:2.<\/p>\n\n\n\n<p>H\u00e9lio Santana Ara\u00fajo<\/p>\n\n\n\n<p>Vereador do Munic\u00edpio de Palmas<\/p>\n","protected":false},"excerpt":{"rendered":"<p>O vereador H\u00e9lio Santana emitiu nota de pesar lamentando o falecimento do Presb\u00edtero Marcos Lopes, que veio a \u00f3bito na madrugada desta segunda-feira, 16, na capital Palmas, v\u00edtima de morte cerebral ap\u00f3s ser alvejado por tiros na noite do \u00faltimo s\u00e1bado. Nota de Pesar Com pesar, presto minhas sinceras condol\u00eancias \u00e0 fam\u00edlia e amigos pelo [&hellip;]<\/p>\n","protected":false},"author":2,"featured_media":4556,"comment_status":"open","ping_status":"open","sticky":false,"template":"","format":"standard","meta":[],"categories":[3,5],"tags":[],"_links":{"self":[{"href":"https:\/\/dgospel.com.br\/portal\/index.php\/wp-json\/wp\/v2\/posts\/4555"}],"collection":[{"href":"https:\/\/dgospel.com.br\/portal\/index.php\/wp-json\/wp\/v2\/posts"}],"about":[{"href":"https:\/\/dgospel.com.br\/portal\/index.php\/wp-json\/wp\/v2\/types\/post"}],"author":[{"embeddable":true,"href":"https:\/\/dgospel.com.br\/portal\/index.php\/wp-json\/wp\/v2\/users\/2"}],"replies":[{"embeddable":true,"href":"https:\/\/dgospel.com.br\/portal\/index.php\/wp-json\/wp\/v2\/comments?post=4555"}],"version-history":[{"count":1,"href":"https:\/\/dgospel.com.br\/portal\/index.php\/wp-json\/wp\/v2\/posts\/4555\/revisions"}],"predecessor-version":[{"id":4557,"href":"https:\/\/dgospel.com.br\/portal\/index.php\/wp-json\/wp\/v2\/posts\/4555\/revisions\/4557"}],"wp:featuredmedia":[{"embeddable":true,"href":"https:\/\/dgospel.com.br\/portal\/index.php\/wp-json\/wp\/v2\/media\/4556"}],"wp:attachment":[{"href":"https:\/\/dgospel.com.br\/portal\/index.php\/wp-json\/wp\/v2\/media?parent=4555"}],"wp:term":[{"taxonomy":"category","embeddable":true,"href":"https:\/\/dgospel.com.br\/portal\/index.php\/wp-json\/wp\/v2\/categories?post=4555"},{"taxonomy":"post_tag","embeddable":true,"href":"https:\/\/dgospel.com.br\/portal\/index.php\/wp-json\/wp\/v2\/tags?post=4555"}],"curies":[{"name":"wp","href":"https:\/\/api.w.org\/{rel}","templated":true}]}}