{"id":4558,"date":"2019-12-17T11:39:09","date_gmt":"2019-12-17T14:39:09","guid":{"rendered":"http:\/\/dgospel.com.br\/portal\/?p=4558"},"modified":"2019-12-17T11:39:10","modified_gmt":"2019-12-17T14:39:10","slug":"rogerio-santos-solicita-a-prorrogacao-da-licenca-paternidade-aos-servidores-municipais","status":"publish","type":"post","link":"https:\/\/dgospel.com.br\/portal\/index.php\/2019\/12\/17\/rogerio-santos-solicita-a-prorrogacao-da-licenca-paternidade-aos-servidores-municipais\/","title":{"rendered":"Rog\u00e9rio Santos solicita a prorroga\u00e7\u00e3o da licen\u00e7a paternidade aos servidores municipais"},"content":{"rendered":"\n<p>Com o objetivo de adequar a legisla\u00e7\u00e3o municipal \u00e0s legisla\u00e7\u00f5es estadual e federal, o vereador Rog\u00e9rio Santos (PRB) apresentou o Pr\u00e9-Projeto de Lei solicitando a prorroga\u00e7\u00e3o da licen\u00e7a paternidade dos servidores p\u00fablicos municipais. A adequa\u00e7\u00e3o permite o afastamento dos pais de suas atividades por um per\u00edodo de 20 (vinte) dias consecutivos.<\/p>\n\n\n\n<p>Conforme a justificativa, j\u00e1 \u00e9 comprovado que a crian\u00e7a necessita de cuidados paternos nos primeiros dias do nascimento, em especial. \u201cA presen\u00e7a paterna na primeira inf\u00e2ncia da crian\u00e7a tamb\u00e9m aumenta a quantidade de est\u00edmulos cerebrais da mesma\u201d, explicou o vereador.<\/p>\n\n\n\n<p><strong>Dados estat\u00edsticos<\/strong><\/p>\n\n\n\n<p>Considerando que apenas 48% dos pa\u00edses no mundo oferecem a licen\u00e7a-paternidade remunerada, a legisla\u00e7\u00e3o brasileira coloca o Brasil em situa\u00e7\u00e3o de destaque. Segundo os dados da Receita de julho de 2019,&nbsp;<a href=\"http:\/\/receita.economia.gov.br\/orientacao\/tributaria\/isencoes\/programa-empresa-cidada\/empresa-cidada\" target=\"_blank\" rel=\"noreferrer noopener\">mais de 20 mil empresas<\/a>&nbsp;j\u00e1 fazem parte do programa que viabiliza a extens\u00e3o do per\u00edodo.<\/p>\n\n\n\n<p>De acordo com o relat\u00f3rio Situa\u00e7\u00e3o da Paternidade no Mundo, o envolvimento masculino no cuidado familiar \u00e9 uma quest\u00e3o de sa\u00fade. Dos 11 pa\u00edses pesquisados, sete \u2013 com renda m\u00e9dia e alta \u2013 afirmam que mais de 65% das mulheres m\u00e3es teriam melhor bem-estar f\u00edsico e mais de 72% concorda que elas teriam ganhos de sa\u00fade mental se os pais tirassem pelo menos duas semanas de dispensa.<\/p>\n","protected":false},"excerpt":{"rendered":"<p>Com o objetivo de adequar a legisla\u00e7\u00e3o municipal \u00e0s legisla\u00e7\u00f5es estadual e federal, o vereador Rog\u00e9rio Santos (PRB) apresentou o Pr\u00e9-Projeto de Lei solicitando a prorroga\u00e7\u00e3o da licen\u00e7a paternidade dos servidores p\u00fablicos municipais. A adequa\u00e7\u00e3o permite o afastamento dos pais de suas atividades por um per\u00edodo de 20 (vinte) dias consecutivos. Conforme a justificativa, j\u00e1 [&hellip;]<\/p>\n","protected":false},"author":2,"featured_media":4559,"comment_status":"open","ping_status":"open","sticky":false,"template":"","format":"standard","meta":[],"categories":[8,4],"tags":[],"_links":{"self":[{"href":"https:\/\/dgospel.com.br\/portal\/index.php\/wp-json\/wp\/v2\/posts\/4558"}],"collection":[{"href":"https:\/\/dgospel.com.br\/portal\/index.php\/wp-json\/wp\/v2\/posts"}],"about":[{"href":"https:\/\/dgospel.com.br\/portal\/index.php\/wp-json\/wp\/v2\/types\/post"}],"author":[{"embeddable":true,"href":"https:\/\/dgospel.com.br\/portal\/index.php\/wp-json\/wp\/v2\/users\/2"}],"replies":[{"embeddable":true,"href":"https:\/\/dgospel.com.br\/portal\/index.php\/wp-json\/wp\/v2\/comments?post=4558"}],"version-history":[{"count":1,"href":"https:\/\/dgospel.com.br\/portal\/index.php\/wp-json\/wp\/v2\/posts\/4558\/revisions"}],"predecessor-version":[{"id":4560,"href":"https:\/\/dgospel.com.br\/portal\/index.php\/wp-json\/wp\/v2\/posts\/4558\/revisions\/4560"}],"wp:featuredmedia":[{"embeddable":true,"href":"https:\/\/dgospel.com.br\/portal\/index.php\/wp-json\/wp\/v2\/media\/4559"}],"wp:attachment":[{"href":"https:\/\/dgospel.com.br\/portal\/index.php\/wp-json\/wp\/v2\/media?parent=4558"}],"wp:term":[{"taxonomy":"category","embeddable":true,"href":"https:\/\/dgospel.com.br\/portal\/index.php\/wp-json\/wp\/v2\/categories?post=4558"},{"taxonomy":"post_tag","embeddable":true,"href":"https:\/\/dgospel.com.br\/portal\/index.php\/wp-json\/wp\/v2\/tags?post=4558"}],"curies":[{"name":"wp","href":"https:\/\/api.w.org\/{rel}","templated":true}]}}