{"id":4564,"date":"2019-12-17T12:10:11","date_gmt":"2019-12-17T15:10:11","guid":{"rendered":"http:\/\/dgospel.com.br\/portal\/?p=4564"},"modified":"2019-12-17T12:10:12","modified_gmt":"2019-12-17T15:10:12","slug":"vice-governador-wanderlei-barbosa-participa-de-reuniao-do-conselho-deliberativo-da-sudam","status":"publish","type":"post","link":"https:\/\/dgospel.com.br\/portal\/index.php\/2019\/12\/17\/vice-governador-wanderlei-barbosa-participa-de-reuniao-do-conselho-deliberativo-da-sudam\/","title":{"rendered":"Vice-governador Wanderlei Barbosa participa de reuni\u00e3o do Conselho Deliberativo da Sudam"},"content":{"rendered":"\n<p>O vice-governador do Tocantins, Wanderlei Barbosa, cumpriu agenda em Bel\u00e9m (PA), nessa segunda-feira, 16, com o ministro do Desenvolvimento Regional, Gustavo Canuto, governadores da Amaz\u00f4nia Legal e demais autoridades, onde participou da 20\u00aa reuni\u00e3o do Conselho Deliberativo da Superintend\u00eancia do Desenvolvimento da Amaz\u00f4nia (Condel &#8211; Sudam).<\/p>\n\n\n\n<p>A reuni\u00e3o dos conselheiros da Sudam definiu os valores dos recursos do Fundo de Desenvolvimento da Amaz\u00f4nia (FDA) e do Fundo Constitucional do Norte&nbsp;(FNO) dispon\u00edveis para financiamentos dos estados do Norte, em 2020.<\/p>\n\n\n\n<p>Durante o encontro, Wanderlei Barbosa reafirmou a import\u00e2ncia do setor produtivo do Tocantins e tamb\u00e9m a import\u00e2ncia da duplica\u00e7\u00e3o da pavimenta\u00e7\u00e3o da BR-010 em solo tocantinense, eixo de integra\u00e7\u00e3o da Amaz\u00f4nia, obra que vai melhorar o acesso dos produtores. \u201cA proposta ir\u00e1 beneficiar diversos munic\u00edpios e potencializar o escoamento de produ\u00e7\u00e3o da regi\u00e3o. Queremos crescer de maneira sustent\u00e1vel e para isso precisamos de mais investimentos,\u201d afirmou.<\/p>\n\n\n\n<p>O FDA e o FNO s\u00e3o fundos de financiamentos importantes para o desenvolvimento da regi\u00e3o da Amaz\u00f4nia Legal, direcionados ao setor produtivo e de projetos privados de infraestrutura, setores tradicionais, de inova\u00e7\u00e3o tecnol\u00f3gica e de servi\u00e7os.<\/p>\n\n\n\n<p>Em 2019, na 19\u00aa Reuni\u00e3o Extraordin\u00e1ria do Conselho Deliberativo da Sudam, o vice-governador Wanderlei Barbosa j\u00e1 havia solicitado ao ministro Gustavo Canuto prioridade na pavimenta\u00e7\u00e3o da BR-010.<\/p>\n","protected":false},"excerpt":{"rendered":"<p>O vice-governador do Tocantins, Wanderlei Barbosa, cumpriu agenda em Bel\u00e9m (PA), nessa segunda-feira, 16, com o ministro do Desenvolvimento Regional, Gustavo Canuto, governadores da Amaz\u00f4nia Legal e demais autoridades, onde participou da 20\u00aa reuni\u00e3o do Conselho Deliberativo da Superintend\u00eancia do Desenvolvimento da Amaz\u00f4nia (Condel &#8211; Sudam). A reuni\u00e3o dos conselheiros da Sudam definiu os valores [&hellip;]<\/p>\n","protected":false},"author":2,"featured_media":4565,"comment_status":"open","ping_status":"open","sticky":false,"template":"","format":"standard","meta":[],"categories":[4],"tags":[],"_links":{"self":[{"href":"https:\/\/dgospel.com.br\/portal\/index.php\/wp-json\/wp\/v2\/posts\/4564"}],"collection":[{"href":"https:\/\/dgospel.com.br\/portal\/index.php\/wp-json\/wp\/v2\/posts"}],"about":[{"href":"https:\/\/dgospel.com.br\/portal\/index.php\/wp-json\/wp\/v2\/types\/post"}],"author":[{"embeddable":true,"href":"https:\/\/dgospel.com.br\/portal\/index.php\/wp-json\/wp\/v2\/users\/2"}],"replies":[{"embeddable":true,"href":"https:\/\/dgospel.com.br\/portal\/index.php\/wp-json\/wp\/v2\/comments?post=4564"}],"version-history":[{"count":1,"href":"https:\/\/dgospel.com.br\/portal\/index.php\/wp-json\/wp\/v2\/posts\/4564\/revisions"}],"predecessor-version":[{"id":4566,"href":"https:\/\/dgospel.com.br\/portal\/index.php\/wp-json\/wp\/v2\/posts\/4564\/revisions\/4566"}],"wp:featuredmedia":[{"embeddable":true,"href":"https:\/\/dgospel.com.br\/portal\/index.php\/wp-json\/wp\/v2\/media\/4565"}],"wp:attachment":[{"href":"https:\/\/dgospel.com.br\/portal\/index.php\/wp-json\/wp\/v2\/media?parent=4564"}],"wp:term":[{"taxonomy":"category","embeddable":true,"href":"https:\/\/dgospel.com.br\/portal\/index.php\/wp-json\/wp\/v2\/categories?post=4564"},{"taxonomy":"post_tag","embeddable":true,"href":"https:\/\/dgospel.com.br\/portal\/index.php\/wp-json\/wp\/v2\/tags?post=4564"}],"curies":[{"name":"wp","href":"https:\/\/api.w.org\/{rel}","templated":true}]}}