{"id":4567,"date":"2019-12-17T13:29:33","date_gmt":"2019-12-17T16:29:33","guid":{"rendered":"http:\/\/dgospel.com.br\/portal\/?p=4567"},"modified":"2019-12-17T13:29:35","modified_gmt":"2019-12-17T16:29:35","slug":"eu-levo-o-evangelho-ate-hoje-e-com-a-ajuda-de-deus-sinto-esta-forca-diz-cid-moreira","status":"publish","type":"post","link":"https:\/\/dgospel.com.br\/portal\/index.php\/2019\/12\/17\/eu-levo-o-evangelho-ate-hoje-e-com-a-ajuda-de-deus-sinto-esta-forca-diz-cid-moreira\/","title":{"rendered":"Eu levo o Evangelho at\u00e9 hoje e com a ajuda de Deus sinto esta for\u00e7a, diz Cid Moreira"},"content":{"rendered":"\n<p>&#8220;S\u00f3 Deus que pode explicar. Eu n\u00e3o consigo. Aquele cara que nunca imaginou chegar aonde eu cheguei, t\u00edmido&#8230;&#8221;. Foi assim que&nbsp;<strong><a href=\"https:\/\/guiame.com.br\/gospel\/mundo-cristao\/cid-moreira-cria-canal-no-youtube-para-compartilhar-biblia.html\">Cid Moreira<\/a><\/strong>&nbsp;comentou sua trajet\u00f3ria profissional, que o tornou conhecido como &#8220;A Voz do Brasil&#8221;, ap\u00f3s d\u00e9cadas de profiss\u00e3o.<\/p>\n\n\n\n<p>Durante uma longa e emocionante entrevista concedida ao programa &#8220;Nova Talk&#8221;, do pastor e apresentador Maur\u00edcio Fragale, Cid falou ao lado de sua esposa, F\u00e1tima Sampaio, sobre sua inf\u00e2ncia, seu in\u00edcio de carreira e tamb\u00e9m a alegria de ter gravado a B\u00edblia (inteira e em trechos).<\/p>\n\n\n\n<p>O locutor e apresentador contou que&nbsp;<strong><a href=\"https:\/\/guiame.com.br\/gospel\/noticias\/cid-moreira-relata-seu-encontro-com-deus-me-sentia-completamente-so-e-vazio.html\">sua paix\u00e3o pela B\u00edblia<\/a><\/strong>&nbsp;vem desde pequeno.<\/p>\n\n\n\n<p>&#8220;A ideia nasceu [talvez] quando eu tinha 10, 11 anos. Quando eu aprendi a ler, a fam\u00edlia acabava de almo\u00e7ar, ia para o quintal e ficava conversando. Eu pegava a B\u00edblia, chegava l\u00e1 e, nem sei porqu\u00ea, lia frases de Prov\u00e9rbios&#8221;, contou.<\/p>\n\n\n\n<p>Posteriormente, a ideia de aliar seu talento \u00e0 proclama\u00e7\u00e3o do Evangelho amadureceu \u00e0 medida que ele ganhava espa\u00e7o nos programas de TV onde trabalhava.<\/p>\n\n\n\n<p>&#8220;No Fant\u00e1stico, sempre no final do programa, eu fazia uma mensagem baseada em um texto, em uma mat\u00e9ria veiculada no prorama. E aquilo ali me deu outra dimens\u00e3o. E ent\u00e3o, algu\u00e9m me convidou para narrar [a B\u00edblia]&#8221;, explicou.<\/p>\n\n\n\n<p><strong>Desafio<\/strong><\/p>\n\n\n\n<p>Cid destacou que gravar a leitura da B\u00edblia \u00e9, na verdade, um grande desafio.<\/p>\n\n\n\n<p>&#8220;O locutor, preocupado com voz e articula\u00e7\u00e3o, foge do status de um ator, por exemplo, que imprime o que ele est\u00e1 sentindo. O locutor fica preocupado com que os outros entendam o que ele est\u00e1 falando. Ent\u00e3o, para voc\u00ea desvincular isso da sua mente leva muito tempo. N\u00e3o \u00e9 assim de estalo. Muita gente n\u00e3o consegue&#8221;, disse.<\/p>\n\n\n\n<p>Cid ent\u00e3o relatou como sua jornada adentrando os projetos b\u00edblicos avan\u00e7ou.<\/p>\n\n\n\n<p>&#8220;Quando eu sa\u00ed do Jornal, depois de 27 anos, fui convidado para gravar os editoriais e me convidaram para gravar o Novo Testamento. Eu topei a parada e gravei. Ent\u00e3o j\u00e1 ficou marcado na \u00e1rea b\u00edblica&#8221;, acrescentou. &#8220;Na sequ\u00eancia, recebi um outro convite para gravar passagens b\u00edblicas. Seriam CD&#8217;s, na \u00e9poca \u00e1urea do CD. Esses CD&#8217;s seriam vendidos em bancas de jornais por um pre\u00e7o bem acess\u00edvel&#8221;.<\/p>\n\n\n\n<p>Surgiu ent\u00e3o a ideia de gravar a B\u00edblia na \u00edntegra, mas o produtor que j\u00e1 havia gravado o projeto com passagens b\u00edblicas anteriormente, que fez tanto sucesso, dispensou a proposta de Cid.<\/p>\n\n\n\n<p>&#8220;Ele falou: &#8216;Vai ficar muito longo, n\u00e3o vai vender&#8217;. Ent\u00e3o eu abracei a ideia e corri atr\u00e1s&#8221;<\/p>\n\n\n\n<p>Cid convidou a Sociedade B\u00edblica do Brasil, um outro amigo locutor e juntos se empenharam em gravar o projeto.<\/p>\n\n\n\n<p>&#8220;Em seis anos eu consegui realizar esse trabalho&#8221;, disse.<\/p>\n\n\n\n<p><strong>Prop\u00f3sito<\/strong><\/p>\n\n\n\n<p>Falando sobre um momento marcante de sua carreira aliada ao que ele tem como seu minist\u00e9rio, Cid Moreira destacou a satisfa\u00e7\u00e3o que \u00e9&nbsp;passar dos 90 anos de idade, compartilhando o Evangelho e como Deus o tem sustentado.<\/p>\n\n\n\n<p>&#8220;Na capa do vinil eu escrevi: &#8216;H\u00e1 25 anos, 1\/4 de s\u00e9culo, eu levo aos lares do pa\u00eds not\u00edcias nem sempre boas, que eu procuro amenizar com um &#8216;boa noite&#8217;. Mas a partir de agora eu quero levar o Evangelho, as not\u00edcias de Deus at\u00e9 o \u00faltima dia da minha vida. E \u00e9 o que eu estou fazendo. Com a ajuda de Deus, estou sentindo esta for\u00e7a imensur\u00e1vel&#8221;, afirmou.<\/p>\n\n\n\n<p>Fonte: GUIAME <\/p>\n","protected":false},"excerpt":{"rendered":"<p>&#8220;S\u00f3 Deus que pode explicar. Eu n\u00e3o consigo. Aquele cara que nunca imaginou chegar aonde eu cheguei, t\u00edmido&#8230;&#8221;. Foi assim que&nbsp;Cid Moreira&nbsp;comentou sua trajet\u00f3ria profissional, que o tornou conhecido como &#8220;A Voz do Brasil&#8221;, ap\u00f3s d\u00e9cadas de profiss\u00e3o. Durante uma longa e emocionante entrevista concedida ao programa &#8220;Nova Talk&#8221;, do pastor e apresentador Maur\u00edcio Fragale, [&hellip;]<\/p>\n","protected":false},"author":2,"featured_media":4568,"comment_status":"open","ping_status":"open","sticky":false,"template":"","format":"standard","meta":[],"categories":[10,5],"tags":[],"_links":{"self":[{"href":"https:\/\/dgospel.com.br\/portal\/index.php\/wp-json\/wp\/v2\/posts\/4567"}],"collection":[{"href":"https:\/\/dgospel.com.br\/portal\/index.php\/wp-json\/wp\/v2\/posts"}],"about":[{"href":"https:\/\/dgospel.com.br\/portal\/index.php\/wp-json\/wp\/v2\/types\/post"}],"author":[{"embeddable":true,"href":"https:\/\/dgospel.com.br\/portal\/index.php\/wp-json\/wp\/v2\/users\/2"}],"replies":[{"embeddable":true,"href":"https:\/\/dgospel.com.br\/portal\/index.php\/wp-json\/wp\/v2\/comments?post=4567"}],"version-history":[{"count":1,"href":"https:\/\/dgospel.com.br\/portal\/index.php\/wp-json\/wp\/v2\/posts\/4567\/revisions"}],"predecessor-version":[{"id":4569,"href":"https:\/\/dgospel.com.br\/portal\/index.php\/wp-json\/wp\/v2\/posts\/4567\/revisions\/4569"}],"wp:featuredmedia":[{"embeddable":true,"href":"https:\/\/dgospel.com.br\/portal\/index.php\/wp-json\/wp\/v2\/media\/4568"}],"wp:attachment":[{"href":"https:\/\/dgospel.com.br\/portal\/index.php\/wp-json\/wp\/v2\/media?parent=4567"}],"wp:term":[{"taxonomy":"category","embeddable":true,"href":"https:\/\/dgospel.com.br\/portal\/index.php\/wp-json\/wp\/v2\/categories?post=4567"},{"taxonomy":"post_tag","embeddable":true,"href":"https:\/\/dgospel.com.br\/portal\/index.php\/wp-json\/wp\/v2\/tags?post=4567"}],"curies":[{"name":"wp","href":"https:\/\/api.w.org\/{rel}","templated":true}]}}