{"id":4571,"date":"2019-12-19T20:10:09","date_gmt":"2019-12-19T23:10:09","guid":{"rendered":"http:\/\/dgospel.com.br\/portal\/?p=4571"},"modified":"2019-12-19T20:10:11","modified_gmt":"2019-12-19T23:10:11","slug":"deputados-aprovam-pensao-mensal-de-um-salario-minimo-para-criancas-com-microcefalia","status":"publish","type":"post","link":"https:\/\/dgospel.com.br\/portal\/index.php\/2019\/12\/19\/deputados-aprovam-pensao-mensal-de-um-salario-minimo-para-criancas-com-microcefalia\/","title":{"rendered":"Deputados aprovam pens\u00e3o mensal de um sal\u00e1rio m\u00ednimo para crian\u00e7as com microcefalia"},"content":{"rendered":"\n<p>A C\u00e2mara dos Deputados aprovou nesta semana uma medida provis\u00f3ria que determina o pagamento de uma pens\u00e3o mensal vital\u00edcia, no valor de um sal\u00e1rio m\u00ednimo, para crian\u00e7as v\u00edtimas de microcefalia por conta do v\u00edrus Zika. Agora, a mat\u00e9ria vai seguir para o Senado Federal.<\/p>\n\n\n\n<p>Se for aprovada nas duas Casas, a medida vai beneficiar crian\u00e7as afetadas pelo v\u00edrus, nascidas entre 1\u00b0 de janeiro de 2015 e 31 de dezembro de 2019. Vale destacar que, inicialmente, a MP limitava o benef\u00edcio \u00e0s crian\u00e7as nascidas at\u00e9 dezembro de 2018.<\/p>\n\n\n\n<p>As fam\u00edlias que quiserem receber a pens\u00e3o devem se enquadrar nos crit\u00e9rios exigidos e fazer o pedido para o Instituto Nacional do Seguro Social (INSS). Neste caso, o INSS e a Empresa de Tecnologia e Informa\u00e7\u00f5es da Previd\u00eancia, a Dataprev, v\u00e3o ter 60 dias para adotar as provid\u00eancias para viabilizar o pagamento da pens\u00e3o especial. Para isso, a crian\u00e7a ter\u00e1 que passar por uma per\u00edcia m\u00e9dica, que vai examinar a rela\u00e7\u00e3o entre a microcefalia e o v\u00edrus Zika.<\/p>\n","protected":false},"excerpt":{"rendered":"<p>A C\u00e2mara dos Deputados aprovou nesta semana uma medida provis\u00f3ria que determina o pagamento de uma pens\u00e3o mensal vital\u00edcia, no valor de um sal\u00e1rio m\u00ednimo, para crian\u00e7as v\u00edtimas de microcefalia por conta do v\u00edrus Zika. Agora, a mat\u00e9ria vai seguir para o Senado Federal. Se for aprovada nas duas Casas, a medida vai beneficiar crian\u00e7as [&hellip;]<\/p>\n","protected":false},"author":2,"featured_media":4572,"comment_status":"open","ping_status":"open","sticky":false,"template":"","format":"standard","meta":[],"categories":[8,4],"tags":[],"_links":{"self":[{"href":"https:\/\/dgospel.com.br\/portal\/index.php\/wp-json\/wp\/v2\/posts\/4571"}],"collection":[{"href":"https:\/\/dgospel.com.br\/portal\/index.php\/wp-json\/wp\/v2\/posts"}],"about":[{"href":"https:\/\/dgospel.com.br\/portal\/index.php\/wp-json\/wp\/v2\/types\/post"}],"author":[{"embeddable":true,"href":"https:\/\/dgospel.com.br\/portal\/index.php\/wp-json\/wp\/v2\/users\/2"}],"replies":[{"embeddable":true,"href":"https:\/\/dgospel.com.br\/portal\/index.php\/wp-json\/wp\/v2\/comments?post=4571"}],"version-history":[{"count":1,"href":"https:\/\/dgospel.com.br\/portal\/index.php\/wp-json\/wp\/v2\/posts\/4571\/revisions"}],"predecessor-version":[{"id":4573,"href":"https:\/\/dgospel.com.br\/portal\/index.php\/wp-json\/wp\/v2\/posts\/4571\/revisions\/4573"}],"wp:featuredmedia":[{"embeddable":true,"href":"https:\/\/dgospel.com.br\/portal\/index.php\/wp-json\/wp\/v2\/media\/4572"}],"wp:attachment":[{"href":"https:\/\/dgospel.com.br\/portal\/index.php\/wp-json\/wp\/v2\/media?parent=4571"}],"wp:term":[{"taxonomy":"category","embeddable":true,"href":"https:\/\/dgospel.com.br\/portal\/index.php\/wp-json\/wp\/v2\/categories?post=4571"},{"taxonomy":"post_tag","embeddable":true,"href":"https:\/\/dgospel.com.br\/portal\/index.php\/wp-json\/wp\/v2\/tags?post=4571"}],"curies":[{"name":"wp","href":"https:\/\/api.w.org\/{rel}","templated":true}]}}