{"id":4574,"date":"2019-12-19T20:41:41","date_gmt":"2019-12-19T23:41:41","guid":{"rendered":"http:\/\/dgospel.com.br\/portal\/?p=4574"},"modified":"2019-12-19T20:41:42","modified_gmt":"2019-12-19T23:41:42","slug":"medicos-pelo-brasil-presidente-sanciona-lei-que-levara-18-mil-medicos-para-todo-pais","status":"publish","type":"post","link":"https:\/\/dgospel.com.br\/portal\/index.php\/2019\/12\/19\/medicos-pelo-brasil-presidente-sanciona-lei-que-levara-18-mil-medicos-para-todo-pais\/","title":{"rendered":"M\u00c9DICOS PELO BRASIL: Presidente sanciona lei que levar\u00e1 18 mil m\u00e9dicos para todo pa\u00eds"},"content":{"rendered":"\n<p>A lei que cria o Programa M\u00e9dicos pelo Brasil foi sancionada pelo presidente, Jair Bolsonaro, nesta quarta-feira, em Bras\u00edlia. A iniciativa vai ampliar a quantidade de m\u00e9dicos em locais de maior car\u00eancia destes profissionais ou de alta vulnerabilidade. Al\u00e9m disso, o Programa prev\u00ea a forma\u00e7\u00e3o qualificada de profissionais de sa\u00fade nas especialidades Medicina de Fam\u00edlia e Comunidade. S\u00e3o 18 mil vagas previstas para todo o pa\u00eds, ampliando em 7 mil vagas a oferta atual de m\u00e9dicos em regi\u00f5es onde h\u00e1 os maiores vazios assistenciais do Brasil., como explica o ministro da Sa\u00fade, Luiz Henrique Mandetta.&nbsp;<\/p>\n\n\n\n<p>\u201cNo programa anterior voc\u00ea tinha aproximadamente 7 mil no Norte e Nordeste. Na simula\u00e7\u00e3o, pelos indicadores t\u00e9cnicos, n\u00f3s devemos chegar a 13.800 mil no Norte e Nordeste, nas \u00e1reas de mais dif\u00edcil provimento no Brasil, quase que dobra\u201d.<\/p>\n\n\n\n<p>O M\u00e9dicos pelo Brasil tamb\u00e9m permitir\u00e1 o retorno dos m\u00e9dicos cubanos por dois anos, desde que atendam alguns requisitos: estar no exerc\u00edcio de suas atividades no Programa Mais M\u00e9dicos no dia 13 de novembro de 2018, quando o acordo de coopera\u00e7\u00e3o foi reincidido pelo governo cubano; e ter permanecido no Brasil at\u00e9 a data da publica\u00e7\u00e3o da Medida Provis\u00f3ria n\u00ba 890, que cria o M\u00e9dicos pelo Brasil, na condi\u00e7\u00e3o de naturalizado, residente ou com pedido de ref\u00fagio, como destaca o ministro da Sa\u00fade.<\/p>\n\n\n\n<p>\u201cDurante dois anos eles v\u00e3o ter que fazer a revalida\u00e7\u00e3o dos seus diplomas. Conseguindo a revalida\u00e7\u00e3o dos seus diplomas eles est\u00e3o incorporados ao sistema convencional brasileiro, n\u00e3o concluindo eles est\u00e3o desligados\u201d.<\/p>\n\n\n\n<p>O primeiro edital para sele\u00e7\u00e3o dos profissionais deve ser realizado logo no in\u00edcio de 202. Seu foco ser\u00e1 na Aten\u00e7\u00e3o Prim\u00e1ria \u00e0 Sa\u00fade (APS), que \u00e9 uma das bases do Sistema \u00danico de Sa\u00fade (SUS). \u00c9 na Aten\u00e7\u00e3o Prim\u00e1ria \u00e0 Sa\u00fade \u00e9 onde as doen\u00e7as mais frequentes dos brasileiros como diabetes, hipertens\u00e3o e tuberculose s\u00e3o prevenidas e acompanhadas.<\/p>\n\n\n\n<p>Fonte: agenciadoradio<\/p>\n","protected":false},"excerpt":{"rendered":"<p>A lei que cria o Programa M\u00e9dicos pelo Brasil foi sancionada pelo presidente, Jair Bolsonaro, nesta quarta-feira, em Bras\u00edlia. A iniciativa vai ampliar a quantidade de m\u00e9dicos em locais de maior car\u00eancia destes profissionais ou de alta vulnerabilidade. Al\u00e9m disso, o Programa prev\u00ea a forma\u00e7\u00e3o qualificada de profissionais de sa\u00fade nas especialidades Medicina de Fam\u00edlia [&hellip;]<\/p>\n","protected":false},"author":2,"featured_media":4575,"comment_status":"open","ping_status":"open","sticky":false,"template":"","format":"standard","meta":[],"categories":[6,4],"tags":[],"_links":{"self":[{"href":"https:\/\/dgospel.com.br\/portal\/index.php\/wp-json\/wp\/v2\/posts\/4574"}],"collection":[{"href":"https:\/\/dgospel.com.br\/portal\/index.php\/wp-json\/wp\/v2\/posts"}],"about":[{"href":"https:\/\/dgospel.com.br\/portal\/index.php\/wp-json\/wp\/v2\/types\/post"}],"author":[{"embeddable":true,"href":"https:\/\/dgospel.com.br\/portal\/index.php\/wp-json\/wp\/v2\/users\/2"}],"replies":[{"embeddable":true,"href":"https:\/\/dgospel.com.br\/portal\/index.php\/wp-json\/wp\/v2\/comments?post=4574"}],"version-history":[{"count":1,"href":"https:\/\/dgospel.com.br\/portal\/index.php\/wp-json\/wp\/v2\/posts\/4574\/revisions"}],"predecessor-version":[{"id":4576,"href":"https:\/\/dgospel.com.br\/portal\/index.php\/wp-json\/wp\/v2\/posts\/4574\/revisions\/4576"}],"wp:featuredmedia":[{"embeddable":true,"href":"https:\/\/dgospel.com.br\/portal\/index.php\/wp-json\/wp\/v2\/media\/4575"}],"wp:attachment":[{"href":"https:\/\/dgospel.com.br\/portal\/index.php\/wp-json\/wp\/v2\/media?parent=4574"}],"wp:term":[{"taxonomy":"category","embeddable":true,"href":"https:\/\/dgospel.com.br\/portal\/index.php\/wp-json\/wp\/v2\/categories?post=4574"},{"taxonomy":"post_tag","embeddable":true,"href":"https:\/\/dgospel.com.br\/portal\/index.php\/wp-json\/wp\/v2\/tags?post=4574"}],"curies":[{"name":"wp","href":"https:\/\/api.w.org\/{rel}","templated":true}]}}