{"id":4577,"date":"2019-12-19T22:58:48","date_gmt":"2019-12-20T01:58:48","guid":{"rendered":"http:\/\/dgospel.com.br\/portal\/?p=4577"},"modified":"2019-12-19T22:58:50","modified_gmt":"2019-12-20T01:58:50","slug":"esta-casa-estava-carente-da-palavra-de-deus-diz-bolsonaro-em-culto-no-palacio-do-planalto","status":"publish","type":"post","link":"https:\/\/dgospel.com.br\/portal\/index.php\/2019\/12\/19\/esta-casa-estava-carente-da-palavra-de-deus-diz-bolsonaro-em-culto-no-palacio-do-planalto\/","title":{"rendered":"Esta casa estava carente da Palavra de Deus, diz Bolsonaro em culto no Pal\u00e1cio do Planalto"},"content":{"rendered":"\n<p>O presidente&nbsp;<strong><a href=\"https:\/\/www.guiame.com.br\/gospel\/noticias\/bolsonaro-diz-em-formatura-militar-que-hoje-governo-valoriza-familia-e-adora-deus.html\">Jair Bolsonaro<\/a><\/strong>&nbsp;e a primeira-dama Michelle participaram, na noite desta ter\u00e7a-feira (17), de um culto de a\u00e7\u00e3o de gra\u00e7as de fim de ano realizado no Sal\u00e3o Branco do Pal\u00e1cio do Planalto para uma plateia de pol\u00edticos e religiosos.<\/p>\n\n\n\n<p>Bolsonaro afirmou que depois do atentado, \u201cs\u00f3 pedia que Deus n\u00e3o deixasse \u00f3rf\u00e3 a filha de 7 anos\u201d. \u201cO resto, com amigos e com brasileiros de verdade, n\u00f3s superar\u00edamos os obst\u00e1culos\u201d, acrescentou.<\/p>\n\n\n\n<p>\u201c\u00c9 motivo de honra e de orgulho e de satisfa\u00e7\u00e3o v\u00ea-los publicamente aceitando Jesus nesta Casa\u201d, prosseguiu, sendo interrompido pelos aplausos.<\/p>\n\n\n\n<p>Ao conseguir continuar, falou: \u201cNessa casa que estava carente da Sua palavra. O Brasil mudou.\u201d<\/p>\n\n\n\n<p>\u201cAleluia!\u201d, respondeu o p\u00fablico.<\/p>\n\n\n\n<p><strong>\u2018Revolucionaremos o Brasil\u2019<\/strong><\/p>\n\n\n\n<p>Aos parlamentares presentes, Bolsonaro disse que \u201cn\u00f3s revolucionaremos o Brasil\u201d e que \u00e9 \u201cnosso dever produzir a felicidade e construir com lealdade, com \u00e9tica, com religi\u00e3o, respeitando o pr\u00f3ximo\u201d.<\/p>\n\n\n\n<p>Em sua fala ainda, Bolsonaro fez men\u00e7\u00e3o ao&nbsp;<strong><a href=\"https:\/\/www.guiame.com.br\/gospel\/israel\/com-presenca-de-netanyahu-brasil-inaugura-escritorio-comercial-em-jerusalem.html\">escrit\u00f3rio comercial inaugurado em Jerusal\u00e9m<\/a><\/strong>, em Israel, e \u00e0 rela\u00e7\u00e3o econ\u00f4mica com os povos \u00e1rabes, estremecida quando foi anunciada uma poss\u00edvel embaixada na antiga capital israelense.<\/p>\n\n\n\n<p>Como fez em outras oportunidades, o presidente comparou as caracter\u00edsticas do Brasil com as de&nbsp;<strong><a href=\"https:\/\/www.guiame.com.br\/gospel\/israel\/policia-de-israel-inaugura-escritorio-de-cooperacao-em-sao-paulo.html\">Israel.<\/a><\/strong>&nbsp;&#8220;Olhe o que eles n\u00e3o t\u00eam e veja o que eles s\u00e3o. Olhe o que o Brasil tem o que o Brasil n\u00e3o \u00e9&#8221;.<\/p>\n\n\n\n<p>Bolsonaro agradeceu aos parlamentares e destacou o poder que o legislativo tem para mudar o Brasil.<\/p>\n\n\n\n<p>&#8220;Vi aqui ex-deputado, velhos parlamentares, jovens parlamentares. Ah, se voc\u00eas soubessem o poder que voc\u00eas t\u00eam. Me desculpem, parlamentares. Muitos n\u00e3o sabem o poder que t\u00eam. O poder de mudar o mundo e transformar o nosso Brasil.&#8221; E continuou: &#8220;Meus amigos parlamentares, temos tudo para mudar o Brasil&#8221;.<\/p>\n\n\n\n<p><strong>\u2018Ato prof\u00e9tico\u2019<\/strong><\/p>\n\n\n\n<p>Havia cerca de 600 pastores no Sal\u00e3o Branco do&nbsp;<strong><a href=\"https:\/\/www.guiame.com.br\/gospel\/noticias\/ministerio-que-realiza-estudos-biblicos-na-casa-branca-inicia-reunioes-em-brasilia.html\">Pal\u00e1cio do Planalto<\/a><\/strong>, segundo o pastor Fontenele, que discursou no evento. Ele disse que o culto era um &#8220;ato prof\u00e9tico in\u00e9dito na hist\u00f3ria da Rep\u00fablica&#8221; e que \u201co inferno est\u00e1 sendo abalado\u201d.<\/p>\n\n\n\n<p>Logo no in\u00edcio da cerim\u00f4nia, e antes da tradicional execu\u00e7\u00e3o do hino nacional, Bolsonaro leu um texto da B\u00edblia, a ora\u00e7\u00e3o do rei Davi.<\/p>\n\n\n\n<p>O texto recitado pelo presidente estava no cap\u00edtulo 29 do primeiro livro de Cr\u00f4nicas, que relata a hist\u00f3ria de Israel. O contexto mostra Davi em seus \u00faltimos dias de vida pouco antes de passar o trono para o filho Salom\u00e3o, que governou durante o que foi, segundo o Velho Testamento, o per\u00edodo mais pr\u00f3spero dos israelenses.<\/p>\n\n\n\n<p>Tamb\u00e9m presente, a ministra dos Direitos Humanos,&nbsp;<strong><a href=\"https:\/\/www.guiame.com.br\/gospel\/familia\/damares-confirma-criacao-de-canal-para-denunciar-ideologia-de-genero-nas-escolas.html\">Damares Alves<\/a><\/strong>, fez uma corre\u00e7\u00e3o, ao ser anunciada. \u201cN\u00e3o \u00e9 ministra, n\u00e3o. \u00c9 pastora canelinha de fogo\u201d, afirmou. A plateia reagiu com gritos de \u201cAleluia\u201d e \u201cgl\u00f3ria a Deus\u201d.<\/p>\n\n\n\n<p>Ela fez uma ora\u00e7\u00e3o, na qual disse que &#8220;chegou um novo tempo no Brasil&#8221;. Mencionou a queda do n\u00famero de homic\u00eddios neste ano e falou que \u201co milagre est\u00e1 s\u00f3 come\u00e7ando\u201d.<\/p>\n\n\n\n<p>O pastor Samuel C\u00e2mara, da Assembleia de Deus citou a &#8220;Amaz\u00f4nia, t\u00e3o bem preservada por Deus e pelos brasileiros&#8221;.<\/p>\n\n\n\n<p>O bispo Renato Cardoso, da Igreja Universal, representou Edir Macedo, que est\u00e1 em viagem ao exterior.<\/p>\n\n\n\n<p>O pastor e ex-deputado Robson Rodovalho, da Igreja Sara Nossa Terra, afirmou a Bolsonaro: &#8220;Deus est\u00e1 honrando o seu governo&#8221;. &#8220;Seu cora\u00e7\u00e3o \u00e9 um cora\u00e7\u00e3o de gratid\u00e3o&#8221;, continuou.<\/p>\n\n\n\n<p>O pastor e ex-deputado M\u00e1rio de Oliveira (PR-MG), da Igreja Quadrangular, disse que o governo melhorou a economia. Como prova, ele mencionou que viu filas em shoppings para comprar roupas, almo\u00e7ar e lanchar, al\u00e9m de quantidade maior de pessoas nas estradas viajando. &#8220;Pude ver muito mais pessoas felizes, alegres&#8221;, disse Oliveira.<\/p>\n\n\n\n<p>\n\nFONTE: GUIAME, COM INFORMA\u00c7\u00d5ES DO PODER 360\n\n<\/p>\n","protected":false},"excerpt":{"rendered":"<p>O presidente&nbsp;Jair Bolsonaro&nbsp;e a primeira-dama Michelle participaram, na noite desta ter\u00e7a-feira (17), de um culto de a\u00e7\u00e3o de gra\u00e7as de fim de ano realizado no Sal\u00e3o Branco do Pal\u00e1cio do Planalto para uma plateia de pol\u00edticos e religiosos. Bolsonaro afirmou que depois do atentado, \u201cs\u00f3 pedia que Deus n\u00e3o deixasse \u00f3rf\u00e3 a filha de 7 [&hellip;]<\/p>\n","protected":false},"author":2,"featured_media":4578,"comment_status":"open","ping_status":"open","sticky":false,"template":"","format":"standard","meta":[],"categories":[5,6],"tags":[],"_links":{"self":[{"href":"https:\/\/dgospel.com.br\/portal\/index.php\/wp-json\/wp\/v2\/posts\/4577"}],"collection":[{"href":"https:\/\/dgospel.com.br\/portal\/index.php\/wp-json\/wp\/v2\/posts"}],"about":[{"href":"https:\/\/dgospel.com.br\/portal\/index.php\/wp-json\/wp\/v2\/types\/post"}],"author":[{"embeddable":true,"href":"https:\/\/dgospel.com.br\/portal\/index.php\/wp-json\/wp\/v2\/users\/2"}],"replies":[{"embeddable":true,"href":"https:\/\/dgospel.com.br\/portal\/index.php\/wp-json\/wp\/v2\/comments?post=4577"}],"version-history":[{"count":1,"href":"https:\/\/dgospel.com.br\/portal\/index.php\/wp-json\/wp\/v2\/posts\/4577\/revisions"}],"predecessor-version":[{"id":4579,"href":"https:\/\/dgospel.com.br\/portal\/index.php\/wp-json\/wp\/v2\/posts\/4577\/revisions\/4579"}],"wp:featuredmedia":[{"embeddable":true,"href":"https:\/\/dgospel.com.br\/portal\/index.php\/wp-json\/wp\/v2\/media\/4578"}],"wp:attachment":[{"href":"https:\/\/dgospel.com.br\/portal\/index.php\/wp-json\/wp\/v2\/media?parent=4577"}],"wp:term":[{"taxonomy":"category","embeddable":true,"href":"https:\/\/dgospel.com.br\/portal\/index.php\/wp-json\/wp\/v2\/categories?post=4577"},{"taxonomy":"post_tag","embeddable":true,"href":"https:\/\/dgospel.com.br\/portal\/index.php\/wp-json\/wp\/v2\/tags?post=4577"}],"curies":[{"name":"wp","href":"https:\/\/api.w.org\/{rel}","templated":true}]}}