{"id":458,"date":"2018-06-05T13:01:02","date_gmt":"2018-06-05T16:01:02","guid":{"rendered":"http:\/\/dgospel.com.br\/portal\/?p=458"},"modified":"2018-06-05T13:01:02","modified_gmt":"2018-06-05T16:01:02","slug":"tribunal-regional-eleitoral-define-tempo-e-horarios-da-propaganda-para-2o-turno-da-eleicao-suplementar","status":"publish","type":"post","link":"https:\/\/dgospel.com.br\/portal\/index.php\/2018\/06\/05\/tribunal-regional-eleitoral-define-tempo-e-horarios-da-propaganda-para-2o-turno-da-eleicao-suplementar\/","title":{"rendered":"Tribunal Regional Eleitoral define  tempo e hor\u00e1rios da propaganda para 2\u00ba turno da elei\u00e7\u00e3o suplementar"},"content":{"rendered":"<p>Foram definidos pelo Tribunal Regional Eleitoral os dias, hor\u00e1rios e tempo de propaganda dos candidatos a governo do Tocantins, no 2\u00ba turno da elei\u00e7\u00e3o suplementar. As informa\u00e7\u00f5es foram divulgadas na manh\u00e3 desta ter\u00e7a-feira (5).\u00a0<a style=\"font-style: inherit;\" href=\"https:\/\/g1.globo.com\/to\/tocantins\/eleicao-suplementar\/2018\/noticia\/carlesse-e-vicentinho-vao-disputar-o-governo-do-tocantins-no-segundo-turno.ghtml\">Mauro Carlesse (PHS) e Vicentinho Alves (PR) disputam o cargo. A vota\u00e7\u00e3o ser\u00e1 no dia 24 deste m\u00eas.<\/a><\/p>\n<p style=\"font-style: inherit; font-weight: inherit;\" data-track-category=\"Link no Texto\" data-track-links=\"\">Conforme o TRE, a propaganda eleitoral gratuita na televis\u00e3o come\u00e7a na pr\u00f3xima sexta-feira (8) e segue nos dias 11 e 12. Nesses dias, as propagandas ser\u00e3o veiculadas \u00e0s 12h15 e \u00e0s 19h20. Cada candidato ter\u00e1 um espa\u00e7o de cinco minutos. Quem come\u00e7a \u00e9 o candidato que foi mais votado no primeiro turno. Nesse caso, Mauro Carlesse, que obteve 30% dos votos tem a prefer\u00eancia.<\/p>\n<p style=\"font-style: inherit; font-weight: inherit;\" data-track-category=\"Link no Texto\" data-track-links=\"\">Do dia 13 ao 22 deste m\u00eas, a propaganda na televis\u00e3o ocorrer\u00e1 de segunda a sexta-feira, somente \u00e0s 19h20.<\/p>\n<p style=\"font-style: inherit; font-weight: inherit;\" data-track-category=\"Link no Texto\" data-track-links=\"\">No r\u00e1dio, a transmiss\u00e3o tamb\u00e9m come\u00e7a na sexta-feira e segue at\u00e9 22 deste m\u00eas, na segunda, quarta e sexta-feira. Os hor\u00e1rios ser\u00e3o \u00e0s 7h e \u00e0s 12h. Nesse caso, cada candidato tamb\u00e9m ter\u00e1 cinco minutos.<\/p>\n<h2 style=\"font-style: inherit; font-weight: inherit;\">Veja o calend\u00e1rio do 2\u00ba turno<\/h2>\n<ul>\n<li style=\"font-style: inherit; font-weight: inherit;\">8 de junho: Inicia a propaganda eleitoral gratuita no r\u00e1dio e televis\u00e3o;<\/li>\n<li>21 de junho: \u00daltimo dia para propaganda por meio de reuni\u00f5es p\u00fablicas ou com\u00edcios;<\/li>\n<li>22 de junho: Termina a propaganda eleitoral gratuita no r\u00e1dio e televis\u00e3o, em caso de segundo turno. \u00c9 tamb\u00e9m o prazo final para os candidatos divulgarem propaganda paga em imprensa escrita.<\/li>\n<li>23 de junho: Encerra o prazo para propaganda eleitoral, caminhadas, passeatas, distribui\u00e7\u00e3o de materiais, em caso de segundo turno;<\/li>\n<li>24 de junho: Dia da elei\u00e7\u00e3o, realizada das 8h \u00e0s 17h;<\/li>\n<li>6 de julho: \u00daltimo dia para a Justi\u00e7a Eleitoral julgar as contas do candidato eleito em segundo turno;<\/li>\n<li>9 de julho: Fim do prazo para a diploma\u00e7\u00e3o dos candidatos eleitos, em caso de segundo turno.<\/li>\n<\/ul>\n<p><strong>\u00a0Fonte:\u00a0G1 Tocantins<\/strong><\/p>\n","protected":false},"excerpt":{"rendered":"<p>Foram definidos pelo Tribunal Regional Eleitoral os dias, hor\u00e1rios e tempo de propaganda dos candidatos a governo do Tocantins, no 2\u00ba turno da elei\u00e7\u00e3o suplementar. As informa\u00e7\u00f5es foram divulgadas na manh\u00e3 desta ter\u00e7a-feira (5).\u00a0Mauro Carlesse (PHS) e Vicentinho Alves (PR) disputam o cargo. A vota\u00e7\u00e3o ser\u00e1 no dia 24 deste m\u00eas. Conforme o TRE, a [&hellip;]<\/p>\n","protected":false},"author":2,"featured_media":459,"comment_status":"open","ping_status":"open","sticky":false,"template":"","format":"standard","meta":[],"categories":[2,3],"tags":[],"_links":{"self":[{"href":"https:\/\/dgospel.com.br\/portal\/index.php\/wp-json\/wp\/v2\/posts\/458"}],"collection":[{"href":"https:\/\/dgospel.com.br\/portal\/index.php\/wp-json\/wp\/v2\/posts"}],"about":[{"href":"https:\/\/dgospel.com.br\/portal\/index.php\/wp-json\/wp\/v2\/types\/post"}],"author":[{"embeddable":true,"href":"https:\/\/dgospel.com.br\/portal\/index.php\/wp-json\/wp\/v2\/users\/2"}],"replies":[{"embeddable":true,"href":"https:\/\/dgospel.com.br\/portal\/index.php\/wp-json\/wp\/v2\/comments?post=458"}],"version-history":[{"count":1,"href":"https:\/\/dgospel.com.br\/portal\/index.php\/wp-json\/wp\/v2\/posts\/458\/revisions"}],"predecessor-version":[{"id":460,"href":"https:\/\/dgospel.com.br\/portal\/index.php\/wp-json\/wp\/v2\/posts\/458\/revisions\/460"}],"wp:featuredmedia":[{"embeddable":true,"href":"https:\/\/dgospel.com.br\/portal\/index.php\/wp-json\/wp\/v2\/media\/459"}],"wp:attachment":[{"href":"https:\/\/dgospel.com.br\/portal\/index.php\/wp-json\/wp\/v2\/media?parent=458"}],"wp:term":[{"taxonomy":"category","embeddable":true,"href":"https:\/\/dgospel.com.br\/portal\/index.php\/wp-json\/wp\/v2\/categories?post=458"},{"taxonomy":"post_tag","embeddable":true,"href":"https:\/\/dgospel.com.br\/portal\/index.php\/wp-json\/wp\/v2\/tags?post=458"}],"curies":[{"name":"wp","href":"https:\/\/api.w.org\/{rel}","templated":true}]}}