{"id":4580,"date":"2019-12-19T23:04:09","date_gmt":"2019-12-20T02:04:09","guid":{"rendered":"http:\/\/dgospel.com.br\/portal\/?p=4580"},"modified":"2019-12-19T23:04:10","modified_gmt":"2019-12-20T02:04:10","slug":"bolsonaro-diz-que-motivo-para-transferir-embaixada-para-jerusalem-e-lealdade-a-deus","status":"publish","type":"post","link":"https:\/\/dgospel.com.br\/portal\/index.php\/2019\/12\/19\/bolsonaro-diz-que-motivo-para-transferir-embaixada-para-jerusalem-e-lealdade-a-deus\/","title":{"rendered":"Bolsonaro diz que motivo para transferir embaixada para Jerusal\u00e9m \u201c\u00e9 lealdade a Deus\u201d"},"content":{"rendered":"\n<p>O presidente&nbsp;<strong><a href=\"https:\/\/guiame.com.br\/gospel\/israel\/bolsonaro-diz-que-brasil-e-israel-sao-noivos-e-relacao-veio-para-ficar.html\">Jair Bolsonaro<\/a><\/strong>&nbsp;disse na ter\u00e7a-feira (17) que vem conversando com l\u00edderes \u00e1rabes para explicar o objetivo de&nbsp;<strong><a href=\"https:\/\/guiame.com.br\/gospel\/israel\/com-presenca-de-netanyahu-brasil-inaugura-escritorio-comercial-em-jerusalem.html\">transferir a representa\u00e7\u00e3o diplom\u00e1tica<\/a><\/strong>&nbsp;do Brasil em Israel para Jerusal\u00e9m. Atualmente, a embaixada do Brasil no pa\u00eds fica em Tel Aviv.<\/p>\n\n\n\n<p>&#8220;Inauguramos o nosso escrit\u00f3rio de neg\u00f3cios em Jerusal\u00e9m. Venho conversando com l\u00edderes do mundo \u00e1rabe, estamos trabalhando para atingir o nosso objetivo. N\u00e3o basta um compromisso apenas de campanha, devemos faz\u00ea-lo de modo que todos entendam o seu real objetivo. O meu \u00e9 lealdade a Deus&#8221;, disse o presidente durante&nbsp;<strong><a href=\"https:\/\/guiame.com.br\/gospel\/noticias\/esta-casa-estava-carente-da-palavra-de-deus-diz-bolsonaro-em-culto-no-palacio-do-planalto.html\">culto de a\u00e7\u00e3o de gra\u00e7as<\/a><\/strong>&nbsp;no Pal\u00e1cio do Planalto.<\/p>\n\n\n\n<p>Participaram da cerim\u00f4nia diversos ministros, al\u00e9m de parlamentares e pastores evang\u00e9licos de v\u00e1rias denomina\u00e7\u00f5es evang\u00e9licas. O evento contou com a participa\u00e7\u00e3o de coral, orquestra e banda de m\u00fasica que se revezaram com can\u00e7\u00f5es gospel e ora\u00e7\u00f5es.<\/p>\n\n\n\n<p>A transfer\u00eancia da embaixada \u00e9 uma promessa de campanha do presidente, mas esbarra em resist\u00eancia de pa\u00edses isl\u00e2micos, que ocupam a 3\u00aa posi\u00e7\u00e3o entre os principais importadores de produtos agr\u00edcolas brasileiros.<\/p>\n\n\n\n<p>Em 2018, as exporta\u00e7\u00f5es para essas na\u00e7\u00f5es somaram US$ 16,4 bilh\u00f5es em 2018. A cidade de Jerusal\u00e9m est\u00e1 no centro de confrontos e disputas entre palestinos (isl\u00e2micos) e israelenses (judeus), pois ambos reivindicam o local como sagrado. Al\u00e9m disso, a regi\u00e3o de Jerusal\u00e9m Oriental \u00e9 considerada como capital de um futuro estado palestino.<\/p>\n\n\n\n<p>Para evitar o agravamento da situa\u00e7\u00e3o, os pa\u00edses consideram Tel Aviv como a capital administrativa de Israel, onde ficam as representa\u00e7\u00f5es diplom\u00e1ticas internacionais. Mesmo assim, em dezembro de 2017 o governo de Donald Trump, presidente dos&nbsp;<strong><a href=\"https:\/\/guiame.com.br\/gospel\/israel\/deus-abencoe-jerusalem-diz-premie-de-israel-em-inauguracao-da-embaixada-dos-eua.html\">Estados Unidos<\/a><\/strong>, anunciou a decis\u00e3o de transferir a embaixada do pa\u00eds de Tel Aviv para Jerusal\u00e9m.<\/p>\n\n\n\n<p>Esta semana, o governo brasileiro inaugurou um escrit\u00f3rio em Jerusal\u00e9m para fortalecer a parceria com o pa\u00eds nos temas de inova\u00e7\u00e3o, tecnologia e investimentos.<\/p>\n\n\n\n<p>O primeiro-ministro israelense, Benjamin Netanyahu, o embaixador de Israel no Brasil, Yossi Shelley, al\u00e9m do deputado federal Eduardo Bolsonaro, filho do presidente Jair Bolsonaro, estiveram no evento.<\/p>\n\n\n\n<p>Em uma postagem no Twitter, Eduardo disse que a inaugura\u00e7\u00e3o do escrit\u00f3rio seria o primeiro passo para a transfer\u00eancia da embaixada brasileira para a cidade.<\/p>\n\n\n\n<p>\n\nFONTE: GUIAME, COM INFORMA\u00c7\u00d5ES DA EBC\n\n<\/p>\n","protected":false},"excerpt":{"rendered":"<p>O presidente&nbsp;Jair Bolsonaro&nbsp;disse na ter\u00e7a-feira (17) que vem conversando com l\u00edderes \u00e1rabes para explicar o objetivo de&nbsp;transferir a representa\u00e7\u00e3o diplom\u00e1tica&nbsp;do Brasil em Israel para Jerusal\u00e9m. Atualmente, a embaixada do Brasil no pa\u00eds fica em Tel Aviv. &#8220;Inauguramos o nosso escrit\u00f3rio de neg\u00f3cios em Jerusal\u00e9m. Venho conversando com l\u00edderes do mundo \u00e1rabe, estamos trabalhando para atingir [&hellip;]<\/p>\n","protected":false},"author":2,"featured_media":4581,"comment_status":"open","ping_status":"open","sticky":false,"template":"","format":"standard","meta":[],"categories":[4,1],"tags":[],"_links":{"self":[{"href":"https:\/\/dgospel.com.br\/portal\/index.php\/wp-json\/wp\/v2\/posts\/4580"}],"collection":[{"href":"https:\/\/dgospel.com.br\/portal\/index.php\/wp-json\/wp\/v2\/posts"}],"about":[{"href":"https:\/\/dgospel.com.br\/portal\/index.php\/wp-json\/wp\/v2\/types\/post"}],"author":[{"embeddable":true,"href":"https:\/\/dgospel.com.br\/portal\/index.php\/wp-json\/wp\/v2\/users\/2"}],"replies":[{"embeddable":true,"href":"https:\/\/dgospel.com.br\/portal\/index.php\/wp-json\/wp\/v2\/comments?post=4580"}],"version-history":[{"count":1,"href":"https:\/\/dgospel.com.br\/portal\/index.php\/wp-json\/wp\/v2\/posts\/4580\/revisions"}],"predecessor-version":[{"id":4582,"href":"https:\/\/dgospel.com.br\/portal\/index.php\/wp-json\/wp\/v2\/posts\/4580\/revisions\/4582"}],"wp:featuredmedia":[{"embeddable":true,"href":"https:\/\/dgospel.com.br\/portal\/index.php\/wp-json\/wp\/v2\/media\/4581"}],"wp:attachment":[{"href":"https:\/\/dgospel.com.br\/portal\/index.php\/wp-json\/wp\/v2\/media?parent=4580"}],"wp:term":[{"taxonomy":"category","embeddable":true,"href":"https:\/\/dgospel.com.br\/portal\/index.php\/wp-json\/wp\/v2\/categories?post=4580"},{"taxonomy":"post_tag","embeddable":true,"href":"https:\/\/dgospel.com.br\/portal\/index.php\/wp-json\/wp\/v2\/tags?post=4580"}],"curies":[{"name":"wp","href":"https:\/\/api.w.org\/{rel}","templated":true}]}}