{"id":4583,"date":"2019-12-19T23:08:21","date_gmt":"2019-12-20T02:08:21","guid":{"rendered":"http:\/\/dgospel.com.br\/portal\/?p=4583"},"modified":"2019-12-19T23:08:23","modified_gmt":"2019-12-20T02:08:23","slug":"governador-carlesse-realiza-reuniao-com-secretarios-e-faz-balanco-da-gestao-do-estado-no-ano-de-2019","status":"publish","type":"post","link":"https:\/\/dgospel.com.br\/portal\/index.php\/2019\/12\/19\/governador-carlesse-realiza-reuniao-com-secretarios-e-faz-balanco-da-gestao-do-estado-no-ano-de-2019\/","title":{"rendered":"Governador Carlesse realiza reuni\u00e3o com secret\u00e1rios e faz balan\u00e7o da Gest\u00e3o do Estado no ano de 2019"},"content":{"rendered":"\n<p>O governador do Tocantins, Mauro Carlesse, realizou nesta quarta-feira, 18, no Pal\u00e1cio Araguaia, reuni\u00e3o com secret\u00e1rios de Estado e presidentes de autarquias para falar sobre os desafios superados em 2019 e as proje\u00e7\u00f5es para 2020, al\u00e9m de conferir a apresenta\u00e7\u00e3o dos titulares das pastas referente aos seus relat\u00f3rios de cumprimento das metas.<\/p>\n\n\n\n<p>Em sua fala, o governador Mauro Carlesse agradeceu pelo empenho de toda a sua equipe no ano de 2019 e comemorou os resultados positivos obtidos pela Gest\u00e3o, principalmente na \u00e1rea fiscal. \u201cParamos de gastar aquilo que o Estado n\u00e3o tinha. No ano que vem, continuaremos com a nossa gest\u00e3o de equil\u00edbrio fiscal, mas teremos um ano melhor, pois haver\u00e1 investimento por parte do Estado em todos os munic\u00edpios do Tocantins. O trabalho vitorioso que realizamos este ano sedimentar\u00e1 o nosso caminho em 2020\u201d, garantiu.<\/p>\n\n\n\n<p>O governador Carlesse destacou ainda que&nbsp;Educa\u00e7\u00e3o, Seguran\u00e7a P\u00fablica e Sa\u00fade continuam sendo as \u00e1reas priorit\u00e1rias do Governo. \u201cMas tamb\u00e9m queremos avan\u00e7ar em outras \u00e1reas como na quest\u00e3o da atra\u00e7\u00e3o de novas ind\u00fastrias e tamb\u00e9m na fomenta\u00e7\u00e3o do turismo\u201d, afirmou.<\/p>\n\n\n\n<p>Para apresentar, \u00e0 imprensa, os dados e as informa\u00e7\u00f5es citados na reuni\u00e3o de hoje, o Governo realizar\u00e1 nesta quinta-feira, 19, na Sala de Reuni\u00f5es do Pal\u00e1cio Araguaia, uma entrevista coletiva,&nbsp;a partir das 14h30.<\/p>\n\n\n\n<p><strong>Dados Fiscais e de Gest\u00e3o<\/strong><\/p>\n\n\n\n<p>Ap\u00f3s a fala do Governador, o secret\u00e1rio de Estado da Fazenda e do Planejamento, Sandro&nbsp;Henrique&nbsp;Armando, discorreu sobre dados fiscais do Estado, apontando o trabalho que vem sendo executado pela Sefaz e destacou a\u00e7\u00f5es como a realiza\u00e7\u00e3o do Plano Plurianual (PPA) 2020\/2023; o enquadramento do Estado na Lei de Responsabilidade Fiscal (LRF); e a redu\u00e7\u00e3o dos custos da Folha de Pagamento dos servidores e tamb\u00e9m de custeio (\u00e1gua, luz, telefone, combust\u00edveis, di\u00e1rias, entre outros).<\/p>\n\n\n\n<p>O secret\u00e1rio de Estado da Administra\u00e7\u00e3o, Edson Cabral, explanou sobre as a\u00e7\u00f5es realizadas em sua pasta voltadas para a Gest\u00e3o da m\u00e1quina p\u00fablica. Ele considerou exitosa a realiza\u00e7\u00e3o do recadastramento dos servidores p\u00fablicos no in\u00edcio do ano; e destacou a unifica\u00e7\u00e3o do pagamento de todos os servidores no dia 1\u00ba de cada m\u00eas como uma medida positiva do Governo neste ano.<\/p>\n\n\n\n<p>O secret\u00e1rio tamb\u00e9m contou que, a partir de 2020, o Governo prepara a implanta\u00e7\u00e3o de um novo processo de gerenciamento e manuten\u00e7\u00e3o de ve\u00edculos administrativos e operacionais. Conforme Edson Cabral, a medida vai otimizar a quest\u00e3o do transporte no servi\u00e7o p\u00fablico do Estado.<\/p>\n\n\n\n<p>Ainda na fala do secret\u00e1rio de Estado da Administra\u00e7\u00e3o, foram abordados temas como a execu\u00e7\u00e3o do Programa Jovem Aprendiz; a moderniza\u00e7\u00e3o das unidades do&nbsp;<em>\u00c9 Pra J\u00e1<\/em>&nbsp;e a previs\u00e3o de implanta\u00e7\u00e3o em uma unidade em Palmas no ano que vem; al\u00e9m de cursos de capacita\u00e7\u00e3o para os servidores p\u00fablicos.<\/p>\n","protected":false},"excerpt":{"rendered":"<p>O governador do Tocantins, Mauro Carlesse, realizou nesta quarta-feira, 18, no Pal\u00e1cio Araguaia, reuni\u00e3o com secret\u00e1rios de Estado e presidentes de autarquias para falar sobre os desafios superados em 2019 e as proje\u00e7\u00f5es para 2020, al\u00e9m de conferir a apresenta\u00e7\u00e3o dos titulares das pastas referente aos seus relat\u00f3rios de cumprimento das metas. Em sua fala, [&hellip;]<\/p>\n","protected":false},"author":2,"featured_media":4584,"comment_status":"open","ping_status":"open","sticky":false,"template":"","format":"standard","meta":[],"categories":[3],"tags":[],"_links":{"self":[{"href":"https:\/\/dgospel.com.br\/portal\/index.php\/wp-json\/wp\/v2\/posts\/4583"}],"collection":[{"href":"https:\/\/dgospel.com.br\/portal\/index.php\/wp-json\/wp\/v2\/posts"}],"about":[{"href":"https:\/\/dgospel.com.br\/portal\/index.php\/wp-json\/wp\/v2\/types\/post"}],"author":[{"embeddable":true,"href":"https:\/\/dgospel.com.br\/portal\/index.php\/wp-json\/wp\/v2\/users\/2"}],"replies":[{"embeddable":true,"href":"https:\/\/dgospel.com.br\/portal\/index.php\/wp-json\/wp\/v2\/comments?post=4583"}],"version-history":[{"count":1,"href":"https:\/\/dgospel.com.br\/portal\/index.php\/wp-json\/wp\/v2\/posts\/4583\/revisions"}],"predecessor-version":[{"id":4585,"href":"https:\/\/dgospel.com.br\/portal\/index.php\/wp-json\/wp\/v2\/posts\/4583\/revisions\/4585"}],"wp:featuredmedia":[{"embeddable":true,"href":"https:\/\/dgospel.com.br\/portal\/index.php\/wp-json\/wp\/v2\/media\/4584"}],"wp:attachment":[{"href":"https:\/\/dgospel.com.br\/portal\/index.php\/wp-json\/wp\/v2\/media?parent=4583"}],"wp:term":[{"taxonomy":"category","embeddable":true,"href":"https:\/\/dgospel.com.br\/portal\/index.php\/wp-json\/wp\/v2\/categories?post=4583"},{"taxonomy":"post_tag","embeddable":true,"href":"https:\/\/dgospel.com.br\/portal\/index.php\/wp-json\/wp\/v2\/tags?post=4583"}],"curies":[{"name":"wp","href":"https:\/\/api.w.org\/{rel}","templated":true}]}}