{"id":4586,"date":"2019-12-19T23:10:45","date_gmt":"2019-12-20T02:10:45","guid":{"rendered":"http:\/\/dgospel.com.br\/portal\/?p=4586"},"modified":"2019-12-19T23:10:48","modified_gmt":"2019-12-20T02:10:48","slug":"vice-governador-wanderlei-barbosa-participa-de-reuniao-na-acipa","status":"publish","type":"post","link":"https:\/\/dgospel.com.br\/portal\/index.php\/2019\/12\/19\/vice-governador-wanderlei-barbosa-participa-de-reuniao-na-acipa\/","title":{"rendered":"Vice-governador Wanderlei Barbosa participa de reuni\u00e3o na Acipa"},"content":{"rendered":"\n<p>O vice-governador do Tocantins, Wanderlei Barbosa, participou na noite dessa quarta-feira, 18, de reuni\u00e3o extraordin\u00e1ria, na sede da Associa\u00e7\u00e3o Comercial e Industrial de Palmas (Acipa ), para tratar sobre al\u00edquotas do Imposto sobre Opera\u00e7\u00f5es relativas \u00e0 Circula\u00e7\u00e3o de Mercadorias e Presta\u00e7\u00e3o de Servi\u00e7os de Transporte Interestadual e Intermunicipal e de Comunica\u00e7\u00e3o (ICMS).<\/p>\n\n\n\n<p>O encontro foi comandado pelo presidente da Acipa, Joseph Madeira, que atuou como facilitador do di\u00e1logo sobre ICMS e al\u00edquota completar entre diretoria, entidades e Estado. &#8220;A Acipa sempre atuar\u00e1 em defesa dos empres\u00e1rios e empreendedores palmenses. Extremamente importante a reuni\u00e3o de hoje, pois temos convic\u00e7\u00e3o de que o Governo \u00e9 parceiro do empres\u00e1rio e se mostra acess\u00edvel \u00e0s nossas demandas&#8221;, ressaltou Joseph Madeira.<\/p>\n\n\n\n<p>O vice-governador&nbsp;Wanderlei Barbosa se colocou \u00e0 disposi\u00e7\u00e3o da Acipa e dos empres\u00e1rios&nbsp;para a constru\u00e7\u00e3o de um entendimento entre Governo e classe empresarial.<\/p>\n\n\n\n<p>Com informa\u00e7\u00f5es da Acipa<\/p>\n","protected":false},"excerpt":{"rendered":"<p>O vice-governador do Tocantins, Wanderlei Barbosa, participou na noite dessa quarta-feira, 18, de reuni\u00e3o extraordin\u00e1ria, na sede da Associa\u00e7\u00e3o Comercial e Industrial de Palmas (Acipa ), para tratar sobre al\u00edquotas do Imposto sobre Opera\u00e7\u00f5es relativas \u00e0 Circula\u00e7\u00e3o de Mercadorias e Presta\u00e7\u00e3o de Servi\u00e7os de Transporte Interestadual e Intermunicipal e de Comunica\u00e7\u00e3o (ICMS). O encontro foi [&hellip;]<\/p>\n","protected":false},"author":2,"featured_media":4587,"comment_status":"open","ping_status":"open","sticky":false,"template":"","format":"standard","meta":[],"categories":[3],"tags":[],"_links":{"self":[{"href":"https:\/\/dgospel.com.br\/portal\/index.php\/wp-json\/wp\/v2\/posts\/4586"}],"collection":[{"href":"https:\/\/dgospel.com.br\/portal\/index.php\/wp-json\/wp\/v2\/posts"}],"about":[{"href":"https:\/\/dgospel.com.br\/portal\/index.php\/wp-json\/wp\/v2\/types\/post"}],"author":[{"embeddable":true,"href":"https:\/\/dgospel.com.br\/portal\/index.php\/wp-json\/wp\/v2\/users\/2"}],"replies":[{"embeddable":true,"href":"https:\/\/dgospel.com.br\/portal\/index.php\/wp-json\/wp\/v2\/comments?post=4586"}],"version-history":[{"count":1,"href":"https:\/\/dgospel.com.br\/portal\/index.php\/wp-json\/wp\/v2\/posts\/4586\/revisions"}],"predecessor-version":[{"id":4588,"href":"https:\/\/dgospel.com.br\/portal\/index.php\/wp-json\/wp\/v2\/posts\/4586\/revisions\/4588"}],"wp:featuredmedia":[{"embeddable":true,"href":"https:\/\/dgospel.com.br\/portal\/index.php\/wp-json\/wp\/v2\/media\/4587"}],"wp:attachment":[{"href":"https:\/\/dgospel.com.br\/portal\/index.php\/wp-json\/wp\/v2\/media?parent=4586"}],"wp:term":[{"taxonomy":"category","embeddable":true,"href":"https:\/\/dgospel.com.br\/portal\/index.php\/wp-json\/wp\/v2\/categories?post=4586"},{"taxonomy":"post_tag","embeddable":true,"href":"https:\/\/dgospel.com.br\/portal\/index.php\/wp-json\/wp\/v2\/tags?post=4586"}],"curies":[{"name":"wp","href":"https:\/\/api.w.org\/{rel}","templated":true}]}}