{"id":4589,"date":"2019-12-19T23:13:19","date_gmt":"2019-12-20T02:13:19","guid":{"rendered":"http:\/\/dgospel.com.br\/portal\/?p=4589"},"modified":"2019-12-19T23:13:20","modified_gmt":"2019-12-20T02:13:20","slug":"governo-apresenta-balanco-de-2019-e-destaca-equilibrio-das-contas-publicas-do-estado","status":"publish","type":"post","link":"https:\/\/dgospel.com.br\/portal\/index.php\/2019\/12\/19\/governo-apresenta-balanco-de-2019-e-destaca-equilibrio-das-contas-publicas-do-estado\/","title":{"rendered":"Governo apresenta balan\u00e7o de 2019 e destaca equil\u00edbrio das contas p\u00fablicas do Estado"},"content":{"rendered":"\n<p>Em coletiva de imprensa realizada nesta quinta-feira, 19, no Pal\u00e1cio Araguaia, os secret\u00e1rios de Estado, Rolf Vidal (Casa Civil); Sandro Henrique Armando (Fazenda e Planejamento); Edson Cabral (Administra\u00e7\u00e3o); e Nivair Borges (Procuradoria Geral do Estado) apresentaram balan\u00e7o das atividades do Governo neste ano de 2019 e destacaram o equil\u00edbrio fiscal das contas p\u00fablicas como fundamental para a realiza\u00e7\u00e3o das demais a\u00e7\u00f5es.<\/p>\n\n\n\n<p>O titular da Casa Civil, Rolf Vidal, abriu a coletiva com os jornalistas falando sobre pontos importantes abordados na reuni\u00e3o dos secret\u00e1rios e dos presidentes de autarquias do Executivo Estadual com o governador do Tocantins, Mauro Carlesse, que ocorreu na quarta-feira, 18.<\/p>\n\n\n\n<p>\u201cTivemos um ano reformista, com a\u00e7\u00f5es claras pela busca do equil\u00edbrio fiscal do Estado. O Tocantins tem \u00e0 frente do Governo hoje um homem que tem vontade pol\u00edtica, um olhar empresarial e uma postura de estadista, que \u00e9 o governador Mauro Carlesse. Por isso, n\u00e3o temos um Governo ap\u00e1tico, pois quem vai \u00e0 frente dele n\u00e3o tem medo de decidir. Em rela\u00e7\u00e3o a 2020, estamos bastante otimistas com os investimentos que est\u00e3o previstos e que v\u00e3o beneficiar os 139 munic\u00edpios\u201d, afirmou o secret\u00e1rio-chefe da Casa Civil.<\/p>\n\n\n\n<p><strong>Governo vai dobrar investimentos em 2020<\/strong><\/p>\n\n\n\n<p>O secret\u00e1rio de Estado da Fazenda e do Planejamento, Sandro Henrique Armando, fez uma ampla explana\u00e7\u00e3o sobre os dados das contas p\u00fablicas. De acordo com o titular da Sefaz, a previs\u00e3o \u00e9 que o Governo dobre a taxa de investimento que hoje \u00e9 de 2,5%. \u201cO objetivo do governador Mauro Carlesse \u00e9 que essa taxa seja de 5 a 6% em 2020. Esse dinheiro ser\u00e1 investido na constru\u00e7\u00e3o de escolas que est\u00e3o com obras paradas, em rodovias, na Sa\u00fade, nos \u00f3rg\u00e3os de intelig\u00eancia das pol\u00edcias, dentre outros\u201d, garantiu.<\/p>\n\n\n\n<p>O secret\u00e1rio destacou tamb\u00e9m que o Tocantins registrou incremento de R$ 500 milh\u00f5es na arrecada\u00e7\u00e3o de impostos em 2019, em rela\u00e7\u00e3o ao mesmo per\u00edodo do ano passado [janeiro a novembro]. Segundo o gestor, isso foi poss\u00edvel devido ao trabalho realizado pelos auditores fiscais do Estado, pelos investimentos na \u00e1rea de inform\u00e1tica da Fazenda P\u00fablica, altera\u00e7\u00f5es em legisla\u00e7\u00e3o e ao empenho dos secret\u00e1rios e da equipe fiscal do Governo.<\/p>\n\n\n\n<p>Segundo Sandro Henrique Armando, o Estado conseguiu ainda economizar mais de R$ 100 milh\u00f5es em custeio (di\u00e1rias, manuten\u00e7\u00e3o, passagens a\u00e9reas, loca\u00e7\u00e3o de ve\u00edculos, \u00e1gua, luz, telefone, entre outros) e cerca de R$ 252 milh\u00f5es com a redu\u00e7\u00e3o de pessoal.<\/p>\n\n\n\n<p>\u201cO ano ainda n\u00e3o acabou, por isso nossa proje\u00e7\u00e3o \u00e9 de que a gente consiga uma economia este ano em torno de R$ 900 milh\u00f5es [soma do incremento dos impostos com a redu\u00e7\u00e3o de custeio e pessoal]. Quando me perguntam cad\u00ea esse dinheiro eu respondo que ele n\u00e3o existe, pois o que ocorre \u00e9 que o Tocantins deixou de gastar aquilo que ele n\u00e3o tinha. Quando o governador Mauro Carlesse assumiu o Governo, o Tocantins gastava mais do que arrecadava\u201d, explicou o titular da Sefaz.<\/p>\n\n\n\n<p>O secret\u00e1rio Sandro Henrique Armando falou tamb\u00e9m sobre o Tocantins ter se enquadrado dentro da Lei de Responsabilidade Fiscal (LRF), registrando \u00edndice de gasto com pessoal na faixa de 47,67%. De acordo com o gestor, a meta para 2020 \u00e9 que o Estado se enquadre abaixo do limite prudencial da LRF, que \u00e9 de 46,5%.<\/p>\n\n\n\n<p><strong>Unifica\u00e7\u00e3o do Pagamento dos servidores no dia 1\u00ba<\/strong><\/p>\n\n\n\n<p>A unifica\u00e7\u00e3o do pagamento dos sal\u00e1rios dos servidores para o dia 1\u00ba de cada m\u00eas foi um dos fatos positivos realizados pela Gest\u00e3o Carlesse neste ano de 2019, segundo o titular da Secretaria de Estado da Administra\u00e7\u00e3o (Secad), Edson Cabral. O gestor relatou ainda o trabalho da pasta no controle e no gerenciamento da folha de pagamento.<\/p>\n\n\n\n<p>\u201cEsse gerenciamento feito pela Secad permitiu que os gargalos da folha fossem identificados e que poss\u00edveis erros fossem sanados. Neste ano, fizemos auditoria na folha, recadastramento dos servidores, al\u00e9m do cumprimento de ordens judiciais. O caminho que o governador Mauro Carlesse nos orienta a seguir \u00e9 sempre o da austeridade e da efici\u00eancia da m\u00e1quina p\u00fablica, por isso nosso trabalho tem mostrado esse resultado positivo\u201d, afirmou Edson Cabral.<\/p>\n\n\n\n<p>Em sua fala, o secret\u00e1rio discorreu sobre os m\u00e9todos modernos de gest\u00e3o que o Estado est\u00e1 buscando adotar, contou que a Secad est\u00e1 projetando, para o ano de 2020, uma unidade do \u00c9 Pra J\u00e1 na Capital&nbsp;e falou que est\u00e1 prevista a realiza\u00e7\u00e3o do concurso da Pol\u00edcia Militar (PM), al\u00e9m das defini\u00e7\u00f5es da comiss\u00e3o que est\u00e1 verificando as quest\u00f5es do concurso p\u00fablico da Secretaria de Estado da Educa\u00e7\u00e3o, Juventude e Esportes (Seduc).<\/p>\n\n\n\n<p>Questionado sobre o pagamento do 13\u00ba sal\u00e1rio dos servidores que fazem anivers\u00e1rio em dezembro, o secret\u00e1rio Edson Cabral esclareceu que os valores ser\u00e3o inclu\u00eddos na folha de pagamento que est\u00e1 prevista para ser paga at\u00e9 o 1\u00ba dia \u00fatil de janeiro de 2020.<\/p>\n","protected":false},"excerpt":{"rendered":"<p>Em coletiva de imprensa realizada nesta quinta-feira, 19, no Pal\u00e1cio Araguaia, os secret\u00e1rios de Estado, Rolf Vidal (Casa Civil); Sandro Henrique Armando (Fazenda e Planejamento); Edson Cabral (Administra\u00e7\u00e3o); e Nivair Borges (Procuradoria Geral do Estado) apresentaram balan\u00e7o das atividades do Governo neste ano de 2019 e destacaram o equil\u00edbrio fiscal das contas p\u00fablicas como fundamental [&hellip;]<\/p>\n","protected":false},"author":2,"featured_media":4590,"comment_status":"open","ping_status":"open","sticky":false,"template":"","format":"standard","meta":[],"categories":[3],"tags":[],"_links":{"self":[{"href":"https:\/\/dgospel.com.br\/portal\/index.php\/wp-json\/wp\/v2\/posts\/4589"}],"collection":[{"href":"https:\/\/dgospel.com.br\/portal\/index.php\/wp-json\/wp\/v2\/posts"}],"about":[{"href":"https:\/\/dgospel.com.br\/portal\/index.php\/wp-json\/wp\/v2\/types\/post"}],"author":[{"embeddable":true,"href":"https:\/\/dgospel.com.br\/portal\/index.php\/wp-json\/wp\/v2\/users\/2"}],"replies":[{"embeddable":true,"href":"https:\/\/dgospel.com.br\/portal\/index.php\/wp-json\/wp\/v2\/comments?post=4589"}],"version-history":[{"count":1,"href":"https:\/\/dgospel.com.br\/portal\/index.php\/wp-json\/wp\/v2\/posts\/4589\/revisions"}],"predecessor-version":[{"id":4591,"href":"https:\/\/dgospel.com.br\/portal\/index.php\/wp-json\/wp\/v2\/posts\/4589\/revisions\/4591"}],"wp:featuredmedia":[{"embeddable":true,"href":"https:\/\/dgospel.com.br\/portal\/index.php\/wp-json\/wp\/v2\/media\/4590"}],"wp:attachment":[{"href":"https:\/\/dgospel.com.br\/portal\/index.php\/wp-json\/wp\/v2\/media?parent=4589"}],"wp:term":[{"taxonomy":"category","embeddable":true,"href":"https:\/\/dgospel.com.br\/portal\/index.php\/wp-json\/wp\/v2\/categories?post=4589"},{"taxonomy":"post_tag","embeddable":true,"href":"https:\/\/dgospel.com.br\/portal\/index.php\/wp-json\/wp\/v2\/tags?post=4589"}],"curies":[{"name":"wp","href":"https:\/\/api.w.org\/{rel}","templated":true}]}}