{"id":4592,"date":"2019-12-21T11:13:22","date_gmt":"2019-12-21T14:13:22","guid":{"rendered":"http:\/\/dgospel.com.br\/portal\/?p=4592"},"modified":"2019-12-21T11:13:24","modified_gmt":"2019-12-21T14:13:24","slug":"prefeitura-prorroga-ate-o-dia-30-de-dezembro-o-prazo-final-para-o-refis-2019","status":"publish","type":"post","link":"https:\/\/dgospel.com.br\/portal\/index.php\/2019\/12\/21\/prefeitura-prorroga-ate-o-dia-30-de-dezembro-o-prazo-final-para-o-refis-2019\/","title":{"rendered":"Prefeitura prorroga at\u00e9 o dia 30 de dezembro o prazo final para o Refis 2019"},"content":{"rendered":"\n<p>A Prefeitura de Palmas prorrogou at\u00e9 o dia 30 dezembro o prazo final para os contribuintes palmenses aderirem ao Programa de Recupera\u00e7\u00e3o Fiscal (Refis 2019), conforme o Decreto n\u00ba 1.830, publicado no Di\u00e1rio Oficial do Munic\u00edpio, na \u00faltima sexta-feira, dia 20.<\/p>\n\n\n\n<p>Esta \u00e9 mais uma oportunidade para os devedores municipais regularizarem suas pend\u00eancias, por meio do 3\u00ba Mutir\u00e3o de Negocia\u00e7\u00f5es Fiscais, promovido pelo Programa Nacional de Governan\u00e7a das Execu\u00e7\u00f5es Fiscais do Conselho Nacional de Justi\u00e7a (CNJ) e a Secretaria Municipal de Finan\u00e7as.<\/p>\n\n\n\n<p>O atendimento ao p\u00fablico que deseja iniciar o ano de 2020 em dia financeiramente junto ao munic\u00edpio, inicia das 8 \u00e0s 18 horas, nas unidades do Resolve Palmas, na Avenida JK, e de Taquaralto, J\u00e1 na unidade Norte, no Capim Dourado Shopping, o atendimento acontece das 12 at\u00e9 \u00e0s 21 horas.<\/p>\n\n\n\n<p>As diretrizes para as negocia\u00e7\u00f5es, que com o mais novo Decreto, chega a sua terceira prorroga\u00e7\u00e3o, que tem como intuito possibilitar aos devedores negociar seus d\u00e9bitos no per\u00edodo regular do programa nacional, respeitando cada caso por meio de an\u00e1lise t\u00e9cnica, garantindo descontos nos juros e nas multas para os pagamentos parcelados, dentre outras oportunidades.&nbsp;<\/p>\n\n\n\n<p>Este link:&nbsp;<a rel=\"noreferrer noopener\" target=\"_blank\" href=\"http:\/\/refis.palmas.to.gov.br\/\">http:\/\/refis.palmas.to.gov.br\/<\/a>&nbsp;\u00e9 o espa\u00e7o virtual dispon\u00edvel para o contribuinte que deseja negociar seus d\u00e9bitos e consult\u00e1-los, e iniciar o procedimento de negocia\u00e7\u00e3o com direito a descontos, de acordo com os crit\u00e9rios de op\u00e7\u00e3o para pagamento.<\/p>\n","protected":false},"excerpt":{"rendered":"<p>A Prefeitura de Palmas prorrogou at\u00e9 o dia 30 dezembro o prazo final para os contribuintes palmenses aderirem ao Programa de Recupera\u00e7\u00e3o Fiscal (Refis 2019), conforme o Decreto n\u00ba 1.830, publicado no Di\u00e1rio Oficial do Munic\u00edpio, na \u00faltima sexta-feira, dia 20. Esta \u00e9 mais uma oportunidade para os devedores municipais regularizarem suas pend\u00eancias, por meio [&hellip;]<\/p>\n","protected":false},"author":2,"featured_media":4593,"comment_status":"open","ping_status":"open","sticky":false,"template":"","format":"standard","meta":[],"categories":[3],"tags":[],"_links":{"self":[{"href":"https:\/\/dgospel.com.br\/portal\/index.php\/wp-json\/wp\/v2\/posts\/4592"}],"collection":[{"href":"https:\/\/dgospel.com.br\/portal\/index.php\/wp-json\/wp\/v2\/posts"}],"about":[{"href":"https:\/\/dgospel.com.br\/portal\/index.php\/wp-json\/wp\/v2\/types\/post"}],"author":[{"embeddable":true,"href":"https:\/\/dgospel.com.br\/portal\/index.php\/wp-json\/wp\/v2\/users\/2"}],"replies":[{"embeddable":true,"href":"https:\/\/dgospel.com.br\/portal\/index.php\/wp-json\/wp\/v2\/comments?post=4592"}],"version-history":[{"count":1,"href":"https:\/\/dgospel.com.br\/portal\/index.php\/wp-json\/wp\/v2\/posts\/4592\/revisions"}],"predecessor-version":[{"id":4594,"href":"https:\/\/dgospel.com.br\/portal\/index.php\/wp-json\/wp\/v2\/posts\/4592\/revisions\/4594"}],"wp:featuredmedia":[{"embeddable":true,"href":"https:\/\/dgospel.com.br\/portal\/index.php\/wp-json\/wp\/v2\/media\/4593"}],"wp:attachment":[{"href":"https:\/\/dgospel.com.br\/portal\/index.php\/wp-json\/wp\/v2\/media?parent=4592"}],"wp:term":[{"taxonomy":"category","embeddable":true,"href":"https:\/\/dgospel.com.br\/portal\/index.php\/wp-json\/wp\/v2\/categories?post=4592"},{"taxonomy":"post_tag","embeddable":true,"href":"https:\/\/dgospel.com.br\/portal\/index.php\/wp-json\/wp\/v2\/tags?post=4592"}],"curies":[{"name":"wp","href":"https:\/\/api.w.org\/{rel}","templated":true}]}}