{"id":4596,"date":"2019-12-23T11:58:32","date_gmt":"2019-12-23T14:58:32","guid":{"rendered":"http:\/\/dgospel.com.br\/portal\/?p=4596"},"modified":"2019-12-23T11:58:33","modified_gmt":"2019-12-23T14:58:33","slug":"governo-federal-investira-mais-de-r-160-milhoes-na-saude-para-acoes-de-prevencao","status":"publish","type":"post","link":"https:\/\/dgospel.com.br\/portal\/index.php\/2019\/12\/23\/governo-federal-investira-mais-de-r-160-milhoes-na-saude-para-acoes-de-prevencao\/","title":{"rendered":"Governo federal investir\u00e1 mais de R$ 160 milh\u00f5es na sa\u00fade para a\u00e7\u00f5es de preven\u00e7\u00e3o"},"content":{"rendered":"\n<p>\n\nO governo federal vai investir R$ 163 milh\u00f5es na forma\u00e7\u00e3o de profissionais da \u00e1rea da sa\u00fade a partir de 2020. A portaria foi assinada nesta semana pelo ministro da Sa\u00fade, Luiz Henrique Mandetta. O valor dever\u00e1 ser investido na forma\u00e7\u00e3o de m\u00e9dicos, enfermeiros e dentistas especialistas em preven\u00e7\u00e3o e acompanhamento de doen\u00e7as como diabetes e hipertens\u00e3o.<br><br>Os profissionais atuar\u00e3o nos servi\u00e7os de Aten\u00e7\u00e3o Prim\u00e1ria do Sistema \u00danico de Sa\u00fade (SUS). Os recursos ser\u00e3o destinados aos munic\u00edpios e os secret\u00e1rios de sa\u00fade poder\u00e3o solicit\u00e1-los a partir de janeiro do ano que vem.<br><br>A iniciativa faz parte do Programa Previne Brasil, do governo federal.\n\n<\/p>\n","protected":false},"excerpt":{"rendered":"<p>O governo federal vai investir R$ 163 milh\u00f5es na forma\u00e7\u00e3o de profissionais da \u00e1rea da sa\u00fade a partir de 2020. A portaria foi assinada nesta semana pelo ministro da Sa\u00fade, Luiz Henrique Mandetta. O valor dever\u00e1 ser investido na forma\u00e7\u00e3o de m\u00e9dicos, enfermeiros e dentistas especialistas em preven\u00e7\u00e3o e acompanhamento de doen\u00e7as como diabetes e [&hellip;]<\/p>\n","protected":false},"author":2,"featured_media":4597,"comment_status":"open","ping_status":"open","sticky":false,"template":"","format":"standard","meta":[],"categories":[6,4],"tags":[],"_links":{"self":[{"href":"https:\/\/dgospel.com.br\/portal\/index.php\/wp-json\/wp\/v2\/posts\/4596"}],"collection":[{"href":"https:\/\/dgospel.com.br\/portal\/index.php\/wp-json\/wp\/v2\/posts"}],"about":[{"href":"https:\/\/dgospel.com.br\/portal\/index.php\/wp-json\/wp\/v2\/types\/post"}],"author":[{"embeddable":true,"href":"https:\/\/dgospel.com.br\/portal\/index.php\/wp-json\/wp\/v2\/users\/2"}],"replies":[{"embeddable":true,"href":"https:\/\/dgospel.com.br\/portal\/index.php\/wp-json\/wp\/v2\/comments?post=4596"}],"version-history":[{"count":1,"href":"https:\/\/dgospel.com.br\/portal\/index.php\/wp-json\/wp\/v2\/posts\/4596\/revisions"}],"predecessor-version":[{"id":4598,"href":"https:\/\/dgospel.com.br\/portal\/index.php\/wp-json\/wp\/v2\/posts\/4596\/revisions\/4598"}],"wp:featuredmedia":[{"embeddable":true,"href":"https:\/\/dgospel.com.br\/portal\/index.php\/wp-json\/wp\/v2\/media\/4597"}],"wp:attachment":[{"href":"https:\/\/dgospel.com.br\/portal\/index.php\/wp-json\/wp\/v2\/media?parent=4596"}],"wp:term":[{"taxonomy":"category","embeddable":true,"href":"https:\/\/dgospel.com.br\/portal\/index.php\/wp-json\/wp\/v2\/categories?post=4596"},{"taxonomy":"post_tag","embeddable":true,"href":"https:\/\/dgospel.com.br\/portal\/index.php\/wp-json\/wp\/v2\/tags?post=4596"}],"curies":[{"name":"wp","href":"https:\/\/api.w.org\/{rel}","templated":true}]}}