{"id":4603,"date":"2019-12-28T09:59:11","date_gmt":"2019-12-28T12:59:11","guid":{"rendered":"http:\/\/dgospel.com.br\/portal\/?p=4603"},"modified":"2019-12-28T09:59:13","modified_gmt":"2019-12-28T12:59:13","slug":"onze-cristaos-sao-decapitados-na-nigeria","status":"publish","type":"post","link":"https:\/\/dgospel.com.br\/portal\/index.php\/2019\/12\/28\/onze-cristaos-sao-decapitados-na-nigeria\/","title":{"rendered":"Onze crist\u00e3os s\u00e3o decapitados na Nig\u00e9ria"},"content":{"rendered":"\n<p>Na quinta-feira (26), o grupo extremista Prov\u00edncia do Estado Isl\u00e2mico na \u00c1frica Ocidental (ISWAP) divulgou um v\u00eddeo, no qual mostrou 11 ref\u00e9ns crist\u00e3os sendo mortos. As v\u00edtimas foram decapitadas pelos terroristas ap\u00f3s terem pedido, em um v\u00eddeo anterior, que a Associa\u00e7\u00e3o Crist\u00e3 da Nig\u00e9ria (CAN) negociasse sua liberta\u00e7\u00e3o.<br>Segundo o Estado Isl\u00e2mico (EI), a a\u00e7\u00e3o fez parte de sua campanha, lan\u00e7ada no \u00faltimo domingo, para vingar as mortes do l\u00edder, Abu Bakr al-Baghdadi, e do porta-voz, ocorridas em outubro, na S\u00edria. Desde ent\u00e3o, v\u00e1rios ataques foram reivindicados pelo grupo extremista.<\/p>\n\n\n\n<p>A ag\u00eancia de not\u00edcias do Estado Isl\u00e2mico divulgou um v\u00eddeo de 56 segundos mostrando os assassinatos brutais e reivindicando vingan\u00e7a por seu l\u00edder ca\u00eddo Abu Bakr al-Baghdadi. O v\u00eddeo mostrou homens de uniforme bege e m\u00e1scaras atr\u00e1s dos ref\u00e9ns, que estavam vendados. Um deles foi alvejado com um tiro e os outros foram decapitados.<\/p>\n\n\n\n<p>Tudo indica que o v\u00eddeo foi lan\u00e7ado em 26 de dezembro e analistas dizem que foi claramente cronometrado para coincidir com as celebra\u00e7\u00f5es de Natal.<\/p>\n\n\n\n<p>Um pastor nigeriano que \u00e9 parceiro da&nbsp;<a href=\"http:\/\/www.portasabertas.org.br\/\" target=\"_blank\" rel=\"noreferrer noopener\">Portas Abertas<\/a>, organiza\u00e7\u00e3o que apoia crist\u00e3os perseguidos no mundo, descreveu o ambiente atual na regi\u00e3o norte como uma cultura de sobreviv\u00eancia. &#8220;Voc\u00ea deita a cabe\u00e7a \u00e0 noite, sem saber se vai acordar&#8221;, diz ele. No entanto, mesmo durante a viol\u00eancia e a amea\u00e7a de futuros ataques do Estado Isl\u00e2mico, os pastores do al\u00e9m de pastores de cabra Fulanis e do Boko Haram, que j\u00e1 se manifestou como bra\u00e7o do EI na regi\u00e3o &#8211; a esperan\u00e7a em Cristo ainda est\u00e1 presente na igreja.<\/p>\n\n\n\n<p>O pastor Marco, outro parceiro da Portas Abertas em campo na Nig\u00e9ria, est\u00e1 ajudando a reconstruir uma igreja e restaurar uma vila que foi atacada pelo Boko Haram. Suas palavras para a igreja s\u00e3o inspiradoras e encorajadoras &#8211; lembrando que viver \u00e9 Cristo e morrer \u00e9 ganho.<br>A Portas Abertas faz parceria com a igreja local para fortalecer, apoiar e equipar os crist\u00e3os perseguidos no norte da Nig\u00e9ria. O pa\u00eds ocupa o 12\u00b0 lugar na&nbsp;<a href=\"http:\/\/www.portasabertas.org.br\/listamundial\" target=\"_blank\" rel=\"noreferrer noopener\">Lista Mundial da Persegui\u00e7\u00e3o 2019,<\/a>&nbsp;que classifica os 50 pa\u00edses que mais perseguem crist\u00e3os no mundo.&nbsp;<br><\/p>\n","protected":false},"excerpt":{"rendered":"<p>Na quinta-feira (26), o grupo extremista Prov\u00edncia do Estado Isl\u00e2mico na \u00c1frica Ocidental (ISWAP) divulgou um v\u00eddeo, no qual mostrou 11 ref\u00e9ns crist\u00e3os sendo mortos. As v\u00edtimas foram decapitadas pelos terroristas ap\u00f3s terem pedido, em um v\u00eddeo anterior, que a Associa\u00e7\u00e3o Crist\u00e3 da Nig\u00e9ria (CAN) negociasse sua liberta\u00e7\u00e3o.Segundo o Estado Isl\u00e2mico (EI), a a\u00e7\u00e3o fez [&hellip;]<\/p>\n","protected":false},"author":2,"featured_media":4604,"comment_status":"open","ping_status":"open","sticky":false,"template":"","format":"standard","meta":[],"categories":[5,1],"tags":[],"_links":{"self":[{"href":"https:\/\/dgospel.com.br\/portal\/index.php\/wp-json\/wp\/v2\/posts\/4603"}],"collection":[{"href":"https:\/\/dgospel.com.br\/portal\/index.php\/wp-json\/wp\/v2\/posts"}],"about":[{"href":"https:\/\/dgospel.com.br\/portal\/index.php\/wp-json\/wp\/v2\/types\/post"}],"author":[{"embeddable":true,"href":"https:\/\/dgospel.com.br\/portal\/index.php\/wp-json\/wp\/v2\/users\/2"}],"replies":[{"embeddable":true,"href":"https:\/\/dgospel.com.br\/portal\/index.php\/wp-json\/wp\/v2\/comments?post=4603"}],"version-history":[{"count":1,"href":"https:\/\/dgospel.com.br\/portal\/index.php\/wp-json\/wp\/v2\/posts\/4603\/revisions"}],"predecessor-version":[{"id":4605,"href":"https:\/\/dgospel.com.br\/portal\/index.php\/wp-json\/wp\/v2\/posts\/4603\/revisions\/4605"}],"wp:featuredmedia":[{"embeddable":true,"href":"https:\/\/dgospel.com.br\/portal\/index.php\/wp-json\/wp\/v2\/media\/4604"}],"wp:attachment":[{"href":"https:\/\/dgospel.com.br\/portal\/index.php\/wp-json\/wp\/v2\/media?parent=4603"}],"wp:term":[{"taxonomy":"category","embeddable":true,"href":"https:\/\/dgospel.com.br\/portal\/index.php\/wp-json\/wp\/v2\/categories?post=4603"},{"taxonomy":"post_tag","embeddable":true,"href":"https:\/\/dgospel.com.br\/portal\/index.php\/wp-json\/wp\/v2\/tags?post=4603"}],"curies":[{"name":"wp","href":"https:\/\/api.w.org\/{rel}","templated":true}]}}