{"id":4637,"date":"2020-01-06T16:10:48","date_gmt":"2020-01-06T19:10:48","guid":{"rendered":"http:\/\/dgospel.com.br\/portal\/?p=4637"},"modified":"2020-01-06T16:10:52","modified_gmt":"2020-01-06T19:10:52","slug":"governo-investe-na-instalacao-de-radares-eletronicos","status":"publish","type":"post","link":"https:\/\/dgospel.com.br\/portal\/index.php\/2020\/01\/06\/governo-investe-na-instalacao-de-radares-eletronicos\/","title":{"rendered":"Governo investe na instala\u00e7\u00e3o de radares eletr\u00f4nicos"},"content":{"rendered":"\n<p>Com o objetivo de garantir a seguran\u00e7a vi\u00e1ria nas rodovias estaduais a condutores e pedestres, o Governo do Estado, por meio da Ag\u00eancia Tocantinense de Transportes e Obras (Ageto), deve instalar equipamentos de fiscaliza\u00e7\u00e3o eletr\u00f4nica de velocidade em pontos estrat\u00e9gicos de diferentes vias do Estado, incluindo o per\u00edmetro urbano de Palmas.<\/p>\n\n\n\n<p>Os trechos das rodovias que receber\u00e3o os equipamentos foram determinados ap\u00f3s um levantamento dos locais com alto risco de acidentes. Na regi\u00e3o central do Tocantins os trechos est\u00e3o na TO-010, que liga Palmas a Lajeado; TO-050, entre Palmas e Porto Nacional; TO-255, entre Porto Nacional a F\u00e1tima; TO-030, que liga Palmas ao Distrito de Taquaru\u00e7u; TO-020, entre Palmas a Aparecida do Rio Negro e TO-080, na Ponte Fernando Henrique Cardoso entre Palmas e Distrito de Luzimangues. Na regi\u00e3o sul, trecho da TO-387, na curva conhecida como Apertado da Hora, em Palmeir\u00f3polis. E, na regi\u00e3o norte, na TO-222, em Aragua\u00edna.<\/p>\n\n\n\n<p>Tamb\u00e9m, ser\u00e3o colocados radares do tipo Redutor Eletr\u00f4nico de Velocidade (REV) e Controladores Eletr\u00f4nicos de Velocidade com c\u00e2mera de monitoramento (CEV) em quatro pontos do per\u00edmetro urbano de Palmas.<\/p>\n\n\n\n<p>De acordo com a Secret\u00e1ria da Infraestrutura, Cidades e Habita\u00e7\u00e3o, Juliana Passarin, a medida visa, especialmente, garantir a seguran\u00e7a no tr\u00e2nsito. \u201cEstudos comprovam que o uso desse tipo de equipamento \u00e9 uma componente importante para a redu\u00e7\u00e3o de acidentes, junto com outras medidas, que j\u00e1 vem sendo tomadas pelo governo, como a\u00e7\u00f5es de educa\u00e7\u00e3o para o transito e melhorias na sinaliza\u00e7\u00e3o das rodovias estaduais\u201d, ressaltou.&nbsp;<\/p>\n\n\n\n<p>A medida para a instala\u00e7\u00e3o dos radares est\u00e1 em fase final de licita\u00e7\u00e3o. A expectativa \u00e9 que todo o processo seja conclu\u00eddo no in\u00edcio de fevereiro deste ano. Os pontos foram escolhidos ap\u00f3s a realiza\u00e7\u00e3o da an\u00e1lise e classifica\u00e7\u00e3o dos 5,8 mil km de rodovias estaduais pavimentadas no Estado, por meio da metodologia&nbsp;<em>International Road Safety Assessmet&nbsp;<\/em>(iRAP). \u201cAs informa\u00e7\u00f5es desse estudo subsidiaram um projeto de moderniza\u00e7\u00e3o da sinaliza\u00e7\u00e3o do estado com a finalidade de diminuir os \u00edndices de acidentes de tr\u00e2nsito nas rodovias estaduais\u201d, finalizou a secret\u00e1ria.<\/p>\n","protected":false},"excerpt":{"rendered":"<p>Com o objetivo de garantir a seguran\u00e7a vi\u00e1ria nas rodovias estaduais a condutores e pedestres, o Governo do Estado, por meio da Ag\u00eancia Tocantinense de Transportes e Obras (Ageto), deve instalar equipamentos de fiscaliza\u00e7\u00e3o eletr\u00f4nica de velocidade em pontos estrat\u00e9gicos de diferentes vias do Estado, incluindo o per\u00edmetro urbano de Palmas. Os trechos das rodovias [&hellip;]<\/p>\n","protected":false},"author":2,"featured_media":4638,"comment_status":"open","ping_status":"open","sticky":false,"template":"","format":"standard","meta":[],"categories":[3],"tags":[],"_links":{"self":[{"href":"https:\/\/dgospel.com.br\/portal\/index.php\/wp-json\/wp\/v2\/posts\/4637"}],"collection":[{"href":"https:\/\/dgospel.com.br\/portal\/index.php\/wp-json\/wp\/v2\/posts"}],"about":[{"href":"https:\/\/dgospel.com.br\/portal\/index.php\/wp-json\/wp\/v2\/types\/post"}],"author":[{"embeddable":true,"href":"https:\/\/dgospel.com.br\/portal\/index.php\/wp-json\/wp\/v2\/users\/2"}],"replies":[{"embeddable":true,"href":"https:\/\/dgospel.com.br\/portal\/index.php\/wp-json\/wp\/v2\/comments?post=4637"}],"version-history":[{"count":1,"href":"https:\/\/dgospel.com.br\/portal\/index.php\/wp-json\/wp\/v2\/posts\/4637\/revisions"}],"predecessor-version":[{"id":4639,"href":"https:\/\/dgospel.com.br\/portal\/index.php\/wp-json\/wp\/v2\/posts\/4637\/revisions\/4639"}],"wp:featuredmedia":[{"embeddable":true,"href":"https:\/\/dgospel.com.br\/portal\/index.php\/wp-json\/wp\/v2\/media\/4638"}],"wp:attachment":[{"href":"https:\/\/dgospel.com.br\/portal\/index.php\/wp-json\/wp\/v2\/media?parent=4637"}],"wp:term":[{"taxonomy":"category","embeddable":true,"href":"https:\/\/dgospel.com.br\/portal\/index.php\/wp-json\/wp\/v2\/categories?post=4637"},{"taxonomy":"post_tag","embeddable":true,"href":"https:\/\/dgospel.com.br\/portal\/index.php\/wp-json\/wp\/v2\/tags?post=4637"}],"curies":[{"name":"wp","href":"https:\/\/api.w.org\/{rel}","templated":true}]}}