{"id":4643,"date":"2020-01-06T16:55:47","date_gmt":"2020-01-06T19:55:47","guid":{"rendered":"http:\/\/dgospel.com.br\/portal\/?p=4643"},"modified":"2020-01-06T16:55:48","modified_gmt":"2020-01-06T19:55:48","slug":"em-discurso-aos-evangelicos-trump-diz-que-uma-nacao-sem-fe-nao-pode-prosperar","status":"publish","type":"post","link":"https:\/\/dgospel.com.br\/portal\/index.php\/2020\/01\/06\/em-discurso-aos-evangelicos-trump-diz-que-uma-nacao-sem-fe-nao-pode-prosperar\/","title":{"rendered":"Em discurso aos evang\u00e9licos, Trump diz que uma na\u00e7\u00e3o sem f\u00e9 `n\u00e3o pode prosperar\u00b4"},"content":{"rendered":"\n<p>O presidente dos Estados Unidos, Donald Trump, afirmou ser favorecido por Deus durante um discurso aos evang\u00e9licos na noite de sexta-feira (3), durante o lan\u00e7amento de uma campanha destinada aos evang\u00e9licos.<\/p>\n\n\n\n<p>\u201cEu realmente acredito que temos Deus do nosso lado\u201d, disse Trump \u00e0 cerca de 5.000 pessoas reunidas na Igreja El Rey Jes\u00fas, em Miami. O encontro marcou o lan\u00e7amento da \u201cEvang\u00e9licos por Trump\u201d<em>,<\/em>&nbsp;uma iniciativa para sua candidatura \u00e0 reelei\u00e7\u00e3o em 2020.&nbsp;<\/p>\n\n\n\n<p>O evento ocorreu semanas ap\u00f3s uma publica\u00e7\u00e3o da revista evang\u00e9lica<em>&nbsp;Christianity Today,<\/em>&nbsp;em dezembro, que pedia a remo\u00e7\u00e3o de Trump do cargo. O editor-chefe da revista, fundada pelo famoso evangelista Billy Graham, descreveu Trump como \u201cmoralmente perdido e confuso\u201d e apoiou o processo de impeachment contra ele.<\/p>\n\n\n\n<p>Na \u00e9poca, o evangelista Franklin Graham expressou seu desapontamento e disse que, nas \u00faltimas elei\u00e7\u00f5es, seu pai \u201cvotou em Donald Trump\u201d. O presidente classificou o&nbsp;<em>Christianity Today&nbsp;<\/em>como \u201cextrema esquerda\u201d e buscou refor\u00e7ar seu apoio entre os evang\u00e9licos.<\/p>\n\n\n\n<p>Em seu discurso na sexta-feira, Trump descreveu os EUA como uma na\u00e7\u00e3o que n\u00e3o foi \u201cconstru\u00edda por socialistas que odeiam a religi\u00e3o\u201d, mas por \u201cpatriotas que v\u00e3o \u00e0 igreja, adoram a Deus e que amam a liberdade\u201d.&nbsp;<\/p>\n\n\n\n<p>\u201cUma sociedade sem religi\u00e3o n\u00e3o pode prosperar, uma na\u00e7\u00e3o sem f\u00e9 n\u00e3o pode durar, porque a justi\u00e7a, a bondade e a paz n\u00e3o podem prevalecer sem a gl\u00f3ria do Deus Todo-Poderoso\u201d, disse Trump<\/p>\n\n\n\n<p>Trump passou grande parte do discurso abordando assuntos que v\u00e3o de interesse ao p\u00fablico crist\u00e3o, como a liberdade religiosa, Israel e a oposi\u00e7\u00e3o de seu governo ao aborto. \u201cAcima de tudo na Am\u00e9rica, n\u00e3o adoramos o governo, adoramos a Deus\u201d, disse Trump seguido de aplausos da multid\u00e3o.<\/p>\n\n\n\n<p>O evento teve a participa\u00e7\u00e3o de v\u00e1rios l\u00edderes evang\u00e9licos, que oraram por Trump. A evangelista Paula White, recentemente nomeada conselheira espiritual da Casa Branca, o pastor Jack Graham e o pastor Jentezen Franklin estavam entre os presentes.<\/p>\n\n\n\n<p><strong>Trump e os evang\u00e9licos latinos<\/strong><\/p>\n\n\n\n<p>A Igreja El Rey Jes\u00fas, uma congrega\u00e7\u00e3o de membros de l\u00edngua espanhola, refor\u00e7a a mensagem de Trump entre os evang\u00e9licos hisp\u00e2nicos. A escolha do p\u00fablico foi elogiada pelo reverendo Samuel Rodriguez, presidente da Confer\u00eancia Nacional Hisp\u00e2nica de Lideran\u00e7a Crist\u00e3 nos EUA.<\/p>\n\n\n\n<p>\u201cDe acordo com pesquisas de opini\u00e3o p\u00fablica, 29 a 30% dos latinos votaram no presidente Trump em 2016. As for\u00e7as motrizes por tr\u00e1s desse apoio latino-americano podem, desta vez, obter um apoio ainda maior: valores de f\u00e9 e oportunidades econ\u00f4micas\u201d, disse Rodriguez ao&nbsp;<em>Religion News Service.<\/em><\/p>\n\n\n\n<p>Tony Suarez, vice-presidente da organiza\u00e7\u00e3o hisp\u00e2nica, disse que participou do encontro porque apoia o presidente Trump e acredita que evang\u00e9licos latinos fazem o mesmo.<\/p>\n\n\n\n<p>\u201cAl\u00e9m de um artigo do (<em>Christianity Today)<\/em>&nbsp;que acredito ser uma anomalia, o apoio evang\u00e9lico ao nosso presidente \u00e9 o mais forte do que nunca\u201d, disse Suarez. \u201cAl\u00e9m do apoio evang\u00e9lico, ningu\u00e9m esperava que o presidente Trump recebesse grande parte dos votos latinos, como ele fez em 2016 e eu prevejo que ser\u00e1 ainda maior em 2020\u201d.<\/p>\n\n\n\n<p><strong>Fonte: Guia-me \/ com informa\u00e7\u00f5es do Religion News Service &#8211; Foto: AP\/Lynne Sladky<\/strong><\/p>\n","protected":false},"excerpt":{"rendered":"<p>O presidente dos Estados Unidos, Donald Trump, afirmou ser favorecido por Deus durante um discurso aos evang\u00e9licos na noite de sexta-feira (3), durante o lan\u00e7amento de uma campanha destinada aos evang\u00e9licos. \u201cEu realmente acredito que temos Deus do nosso lado\u201d, disse Trump \u00e0 cerca de 5.000 pessoas reunidas na Igreja El Rey Jes\u00fas, em Miami. [&hellip;]<\/p>\n","protected":false},"author":2,"featured_media":4644,"comment_status":"open","ping_status":"open","sticky":false,"template":"","format":"standard","meta":[],"categories":[5,1],"tags":[],"_links":{"self":[{"href":"https:\/\/dgospel.com.br\/portal\/index.php\/wp-json\/wp\/v2\/posts\/4643"}],"collection":[{"href":"https:\/\/dgospel.com.br\/portal\/index.php\/wp-json\/wp\/v2\/posts"}],"about":[{"href":"https:\/\/dgospel.com.br\/portal\/index.php\/wp-json\/wp\/v2\/types\/post"}],"author":[{"embeddable":true,"href":"https:\/\/dgospel.com.br\/portal\/index.php\/wp-json\/wp\/v2\/users\/2"}],"replies":[{"embeddable":true,"href":"https:\/\/dgospel.com.br\/portal\/index.php\/wp-json\/wp\/v2\/comments?post=4643"}],"version-history":[{"count":1,"href":"https:\/\/dgospel.com.br\/portal\/index.php\/wp-json\/wp\/v2\/posts\/4643\/revisions"}],"predecessor-version":[{"id":4645,"href":"https:\/\/dgospel.com.br\/portal\/index.php\/wp-json\/wp\/v2\/posts\/4643\/revisions\/4645"}],"wp:featuredmedia":[{"embeddable":true,"href":"https:\/\/dgospel.com.br\/portal\/index.php\/wp-json\/wp\/v2\/media\/4644"}],"wp:attachment":[{"href":"https:\/\/dgospel.com.br\/portal\/index.php\/wp-json\/wp\/v2\/media?parent=4643"}],"wp:term":[{"taxonomy":"category","embeddable":true,"href":"https:\/\/dgospel.com.br\/portal\/index.php\/wp-json\/wp\/v2\/categories?post=4643"},{"taxonomy":"post_tag","embeddable":true,"href":"https:\/\/dgospel.com.br\/portal\/index.php\/wp-json\/wp\/v2\/tags?post=4643"}],"curies":[{"name":"wp","href":"https:\/\/api.w.org\/{rel}","templated":true}]}}