{"id":4655,"date":"2020-01-09T11:35:49","date_gmt":"2020-01-09T14:35:49","guid":{"rendered":"http:\/\/dgospel.com.br\/portal\/?p=4655"},"modified":"2020-01-09T11:35:50","modified_gmt":"2020-01-09T14:35:50","slug":"posse-dos-novos-conselheiros-tutelares-acontece-na-proxima-sexta-10","status":"publish","type":"post","link":"https:\/\/dgospel.com.br\/portal\/index.php\/2020\/01\/09\/posse-dos-novos-conselheiros-tutelares-acontece-na-proxima-sexta-10\/","title":{"rendered":"Posse dos novos conselheiros tutelares acontece na pr\u00f3xima sexta, 10"},"content":{"rendered":"\n<p>Acontece&nbsp;na pr\u00f3xima sexta-feira, 10, a&nbsp;cerim\u00f4nia de posse dos novos conselheiros tutelares de Palmas para&nbsp;o quadri\u00eanio 2020\/2023. O evento ser\u00e1 realizado na&nbsp;Escola Municipal de Tempo Integral Almirante Tamandar\u00e9,&nbsp;\u00e0s 9h. Ap\u00f3s a posse dos novos membros do Conselho Tutelar a Prefeitura de Palmas ir\u00e1 entregar quatro&nbsp;ve\u00edculos 0 km e quatro computadores \u00e0 entidade, sendo destinados um carro e um computador para cada unidade do Conselho na Capital.<\/p>\n\n\n\n<p>Tomar\u00e3o posse em Palmas 40 conselheiros tutelares, sendo 20 titulares e 20 suplentes, que atuar\u00e3o na regi\u00e3o Norte, Sul e Central de Palmas. Os novos membros do Conselho foram eleitos ap\u00f3s participar de um rigoroso processo seletivo composto por seis etapas sendo uma dela a elei\u00e7\u00e3o, via voto direto, realizada no dia 06 de outubro de 2019, quando mais de 20 mil palmenses foram \u00e0s urnas.<\/p>\n\n\n\n<p><strong>Novos equipamentos e ve\u00edculos<\/strong><\/p>\n\n\n\n<p>A entrega de quatro carros e quatro computadores&nbsp;por parte da Prefeitura de Palmas, atrav\u00e9s da Secretaria de Desenvolvimento Social (Sedes) tem por objetivo colaborar para um melhor atendi\u00admento \u00e0s crian\u00e7as, adolescentes e suas fam\u00edlias por meio dos quais os conselhos tutelares poder\u00e3o atuar com mais efici\u00ean\u00adcia e efic\u00e1cia na sua interconex\u00e3o com a rede de servi\u00e7os p\u00fablicos.<\/p>\n\n\n\n<p>Estes equipamentos p\u00fablicos foram adquiridos com recursos oriundos de emendas da C\u00e2mara de Vereadores, sendo que o material de inform\u00e1tica resulta de uma emenda do vereador Gerson Alves no valor de R$ 20 mil. J\u00e1 os quatro ve\u00edculos modelo \u201cFord K\u201d foram custeados pela emenda do vereador Felipe Martins no valor de R$ 160 mil, juntamente com uma emenda adicional do vereador Gerson Alves no valor de R$ 20 mil.<\/p>\n\n\n\n<p><strong>O que \u00e9 o Conselho Tutelar?<\/strong><\/p>\n\n\n\n<p>O Conselho Tutelar \u00e9 \u00f3rg\u00e3o permanente e aut\u00f4nomo, n\u00e3o jurisdicional, encarregado pela sociedade de zelar pelo cumprimento dos direitos da crian\u00e7a e do adolescente, sendo composto por cinco membros, escolhidos pela comunidade local para mandato de quatro anos, permitida uma recondu\u00e7\u00e3o, mediante novo processo de escolha em igualdade com os demais pretendentes.<\/p>\n\n\n\n<p>Confira a rela\u00e7\u00e3o dos novos conselheiros titulares e suplentes<\/p>\n\n\n\n<table class=\"wp-block-table\"><tbody><tr><td><strong>REGI\u00c3O CENTRO<\/strong><\/td><\/tr><tr><td><strong>Ordem<\/strong><\/td><td><strong>Candidato (a)<\/strong><\/td><td><strong>Vota\u00e7\u00e3o<\/strong><\/td><td><strong>Classifica\u00e7\u00e3o<\/strong><\/td><\/tr><tr><td>1<\/td><td>&nbsp; Juniel Carvalho de Sousa &nbsp;<\/td><td>622<\/td><td>Titular<\/td><\/tr><tr><td>2<\/td><td>Resileida Maria do Couto Pereira<\/td><td>402<\/td><td>Titular<\/td><\/tr><tr><td>3<\/td><td>Katia Silene Fernandes Pinto do Nascimento<\/td><td>400<\/td><td>Titular<\/td><\/tr><tr><td>4<\/td><td>Hiara Matos Araujo Guimar\u00e3es<\/td><td>332<\/td><td>Titular<\/td><\/tr><tr><td>5<\/td><td>Iramar Cardoso da Silva<\/td><td>317<\/td><td>Titular<\/td><\/tr><tr><td>6<\/td><td>Lafaiete Nogueira R\u00eago<\/td><td>294<\/td><td>Suplente<\/td><\/tr><tr><td>7<\/td><td>I\u00eada Oliveira Santos<\/td><td>251<\/td><td>Suplente<\/td><\/tr><tr><td>8<\/td><td>M\u00edria Pereira Laurindo Carvalho &#8211;&nbsp;<em>Sub judice<\/em><\/td><td>240<\/td><td>Suplente<\/td><\/tr><tr><td>9<\/td><td>Sandra Dias da Silva<\/td><td>223<\/td><td>Suplente<\/td><\/tr><tr><td>10<\/td><td>Jennyfer Moreira Silva<\/td><td>118<\/td><td>Suplente<\/td><\/tr><\/tbody><\/table>\n\n\n\n<table class=\"wp-block-table\"><tbody><tr><td><strong>REGI\u00c3O NORTE<\/strong><\/td><\/tr><tr><td><strong>Ordem<\/strong><\/td><td><strong>Candidato (a)<\/strong><\/td><td><strong>Vota\u00e7\u00e3o<\/strong><\/td><td><strong>Classifica\u00e7\u00e3o<\/strong><\/td><\/tr><tr><td>1<\/td><td>&nbsp; Wagner Brito de Ara\u00fajo<\/td><td>462<\/td><td>Titular<\/td><\/tr><tr><td>2<\/td><td>Jos\u00e9 Ribamar de Sena Pereira<\/td><td>452<\/td><td>Titular<\/td><\/tr><tr><td>3<\/td><td>Maria dos Reis Marques da Silva Cardoso<\/td><td>444<\/td><td>Titular<\/td><\/tr><tr><td>4<\/td><td>Ivonete Ferreira Cabral Medeiros Magalh\u00e3es<\/td><td>425<\/td><td>Titular<\/td><\/tr><tr><td>5<\/td><td>Osvaldiron Alves da Silva<\/td><td>402<\/td><td>Titular<\/td><\/tr><tr><td>6<\/td><td>Gabriel Marques de Sousa Pereira**<\/td><td>438<\/td><td>Suplente<\/td><\/tr><tr><td>7<\/td><td>Kleber Alves de Carvalho<\/td><td>397<\/td><td>Suplente<\/td><\/tr><tr><td>8<\/td><td>Maria Vanir Il\u00eddio<\/td><td>391<\/td><td>Suplente<\/td><\/tr><tr><td>9<\/td><td>kamylla Polyanna Souza Mendon\u00e7a Carvalho<\/td><td>304<\/td><td>Suplente<\/td><\/tr><tr><td>10<\/td><td>L\u00eddia Xavier de Sousa<\/td><td>284<\/td><td>Suplente<\/td><\/tr><\/tbody><\/table>\n\n\n\n<table class=\"wp-block-table\"><tbody><tr><td><strong>REGI\u00c3O SUL I<\/strong><\/td><\/tr><tr><td><strong>Ordem<\/strong><\/td><td><strong>Candidato (a)<\/strong><\/td><td><strong>Vota\u00e7\u00e3o<\/strong><\/td><td><strong>Classifica\u00e7\u00e3o<\/strong><\/td><\/tr><tr><td>1<\/td><td>&nbsp; Elizete Freire Cavalcante<\/td><td>458<\/td><td>Titular<\/td><\/tr><tr><td>2<\/td><td>Maria L\u00facia Ribeiro de Souza<\/td><td>426<\/td><td>Titular<\/td><\/tr><tr><td>3<\/td><td>Elen\u00edcia Pereira Ricardo Morais<\/td><td>420<\/td><td>Titular<\/td><\/tr><tr><td>4<\/td><td>Marcela Milene Guedes Quini<\/td><td>361<\/td><td>Titular<\/td><\/tr><tr><td>5<\/td><td>Josilene Rodrigues da Silva &#8211;&nbsp;<em>Sub judice<\/em><\/td><td>307<\/td><td>Titular<\/td><\/tr><tr><td>6<\/td><td>Maria do Carmo Machado Souza &#8211;&nbsp;<em>Sub judice<\/em><\/td><td>305<\/td><td>Suplente<\/td><\/tr><tr><td>7<\/td><td>Raquel da Silva Carvalho Alves<\/td><td>249<\/td><td>Suplente<\/td><\/tr><tr><td>8<\/td><td>Marcos Vinic\u00edus Costa de Oliveira<\/td><td>227<\/td><td>Suplente<\/td><\/tr><tr><td>9<\/td><td>Elias Pereira de Sousa<\/td><td>204<\/td><td>Suplente<\/td><\/tr><tr><td>10<\/td><td>Elizete Sales Sodr\u00e9<\/td><td>202<\/td><td>Suplente<\/td><\/tr><\/tbody><\/table>\n\n\n\n<table class=\"wp-block-table\"><tbody><tr><td><strong>REGI\u00c3O SUL II<\/strong><\/td><\/tr><tr><td><strong>Ordem<\/strong><\/td><td><strong>Candidato (a)<\/strong><\/td><td><strong>Vota\u00e7\u00e3o<\/strong><\/td><td><strong>Classifica\u00e7\u00e3o<\/strong><\/td><\/tr><tr><td>1<\/td><td>&nbsp; Adriana Evangelista Gomes Vieira<\/td><td>688<\/td><td>Titular<\/td><\/tr><tr><td>2<\/td><td>Maria Pereira Nunes Lucena<\/td><td>471<\/td><td>Titular<\/td><\/tr><tr><td>3<\/td><td>Ubiratan Galv\u00e3o da Silva Junior<\/td><td>433<\/td><td>Titular<\/td><\/tr><tr><td>4<\/td><td>Fl\u00e1via Marques da Costa<\/td><td>398<\/td><td>Titular<\/td><\/tr><tr><td>5<\/td><td>W\u00e9lica da Silva Queiroz<\/td><td>393<\/td><td>Titular<\/td><\/tr><tr><td>6<\/td><td>Raimundo Carlos Pereira da Silva<\/td><td>377<\/td><td>Suplente<\/td><\/tr><tr><td>7<\/td><td>Delcy Moraes Alves**<\/td><td>366<\/td><td>Suplente<\/td><\/tr><tr><td>8<\/td><td>Maria de Jesus Fialho Barros \u2013&nbsp;<em>Sub judice<\/em><\/td><td>366<\/td><td>Suplente<\/td><\/tr><tr><td>9<\/td><td>Carminha Pereira de Fran\u00e7a<\/td><td>339<\/td><td>Suplente<\/td><\/tr><tr><td>10<\/td><td>Raimundo Barreira Lustosa de Sousa<\/td><td>283<\/td><td>Suplente<\/td><\/tr><\/tbody><\/table>\n\n\n\n<p>Edi\u00e7\u00e3o: Lorena Karlla&nbsp;<br><\/p>\n","protected":false},"excerpt":{"rendered":"<p>Acontece&nbsp;na pr\u00f3xima sexta-feira, 10, a&nbsp;cerim\u00f4nia de posse dos novos conselheiros tutelares de Palmas para&nbsp;o quadri\u00eanio 2020\/2023. O evento ser\u00e1 realizado na&nbsp;Escola Municipal de Tempo Integral Almirante Tamandar\u00e9,&nbsp;\u00e0s 9h. Ap\u00f3s a posse dos novos membros do Conselho Tutelar a Prefeitura de Palmas ir\u00e1 entregar quatro&nbsp;ve\u00edculos 0 km e quatro computadores \u00e0 entidade, sendo destinados um carro [&hellip;]<\/p>\n","protected":false},"author":2,"featured_media":4656,"comment_status":"open","ping_status":"open","sticky":false,"template":"","format":"standard","meta":[],"categories":[3],"tags":[],"_links":{"self":[{"href":"https:\/\/dgospel.com.br\/portal\/index.php\/wp-json\/wp\/v2\/posts\/4655"}],"collection":[{"href":"https:\/\/dgospel.com.br\/portal\/index.php\/wp-json\/wp\/v2\/posts"}],"about":[{"href":"https:\/\/dgospel.com.br\/portal\/index.php\/wp-json\/wp\/v2\/types\/post"}],"author":[{"embeddable":true,"href":"https:\/\/dgospel.com.br\/portal\/index.php\/wp-json\/wp\/v2\/users\/2"}],"replies":[{"embeddable":true,"href":"https:\/\/dgospel.com.br\/portal\/index.php\/wp-json\/wp\/v2\/comments?post=4655"}],"version-history":[{"count":1,"href":"https:\/\/dgospel.com.br\/portal\/index.php\/wp-json\/wp\/v2\/posts\/4655\/revisions"}],"predecessor-version":[{"id":4657,"href":"https:\/\/dgospel.com.br\/portal\/index.php\/wp-json\/wp\/v2\/posts\/4655\/revisions\/4657"}],"wp:featuredmedia":[{"embeddable":true,"href":"https:\/\/dgospel.com.br\/portal\/index.php\/wp-json\/wp\/v2\/media\/4656"}],"wp:attachment":[{"href":"https:\/\/dgospel.com.br\/portal\/index.php\/wp-json\/wp\/v2\/media?parent=4655"}],"wp:term":[{"taxonomy":"category","embeddable":true,"href":"https:\/\/dgospel.com.br\/portal\/index.php\/wp-json\/wp\/v2\/categories?post=4655"},{"taxonomy":"post_tag","embeddable":true,"href":"https:\/\/dgospel.com.br\/portal\/index.php\/wp-json\/wp\/v2\/tags?post=4655"}],"curies":[{"name":"wp","href":"https:\/\/api.w.org\/{rel}","templated":true}]}}