{"id":4665,"date":"2020-01-09T12:42:43","date_gmt":"2020-01-09T15:42:43","guid":{"rendered":"http:\/\/dgospel.com.br\/portal\/?p=4665"},"modified":"2020-01-09T12:42:45","modified_gmt":"2020-01-09T15:42:45","slug":"igrejas-e-meis-terao-direito-a-tarifa-social-de-agua-em-palmas","status":"publish","type":"post","link":"https:\/\/dgospel.com.br\/portal\/index.php\/2020\/01\/09\/igrejas-e-meis-terao-direito-a-tarifa-social-de-agua-em-palmas\/","title":{"rendered":"Igrejas e MEIs ter\u00e3o direito a tarifa social de \u00e1gua em Palmas"},"content":{"rendered":"\n<p>A\nC\u00e2mara de Vereadores de Palmas aprovou uma lei que autorizou a cria\u00e7\u00e3o da\ntarifa social de \u00e1gua destinada a igrejas e aos microempreendedores individuais\n(MEIs). A medida foi promulgada no Di\u00e1rio Oficial do Munic\u00edpio desta quarta-feira\n(8). Pelo texto, a prefeitura tem 60 dias para regulamentar a medida.<\/p>\n\n\n\n<p>A previs\u00e3o da nova lei \u00e9\nque o valor da tarifa social nos dois casos ser\u00e1 a metade do que \u00e9 a tarifa\ncomercial normal. O valor n\u00e3o est\u00e1 especificado no documento, que indica apenas\nque esta daria aos templos religiosos e aos MEIs o direito de consumir 10 mil\nlitros de \u00e1gua por m\u00eas. Caso o consumo passe disse, o valor do excedente seria\ncobrado em tarifa normal.<\/p>\n\n\n\n<p>Entre as condi\u00e7\u00f5es para\nque seja poss\u00edvel aderir a nova tarifa, est\u00e1 a de que n\u00e3o haja sal\u00e3o de festas\nao lado dos estabelecimentos. A \u00e1rea constru\u00edda tamb\u00e9m n\u00e3o pode ser superior a\n220 m\u00b2. No caso dos MEIs, \u00e9 necess\u00e1rio estar inscrito no Simples Nacional. O\ntempo religioso que aderir deve estar regularizado e possuir estatuto\nregistrado em cart\u00f3rio al\u00e9m de ser inscrito na Receita Federal.<\/p>\n\n\n\n<p>A lei j\u00e1 entrou em vigor, mas tanto a prefeitura como a concession\u00e1ria de \u00e1gua ter\u00e3o que criar regimentos antes que ela comece a ter efeitos pr\u00e1ticos. A lei \u00e9 de autoria do vereador Felipe Martins (PSC), que justificou a medida alegando que a inclus\u00e3o das igrejas \u00e9 em fun\u00e7\u00e3o dos servi\u00e7os sociais prestados por elas.<\/p>\n\n\n\n<p>Fonte:  <strong>G1 Tocantins<\/strong> <\/p>\n","protected":false},"excerpt":{"rendered":"<p>A C\u00e2mara de Vereadores de Palmas aprovou uma lei que autorizou a cria\u00e7\u00e3o da tarifa social de \u00e1gua destinada a igrejas e aos microempreendedores individuais (MEIs). A medida foi promulgada no Di\u00e1rio Oficial do Munic\u00edpio desta quarta-feira (8). Pelo texto, a prefeitura tem 60 dias para regulamentar a medida. A previs\u00e3o da nova lei \u00e9 [&hellip;]<\/p>\n","protected":false},"author":2,"featured_media":4666,"comment_status":"open","ping_status":"open","sticky":false,"template":"","format":"standard","meta":[],"categories":[8,4],"tags":[],"_links":{"self":[{"href":"https:\/\/dgospel.com.br\/portal\/index.php\/wp-json\/wp\/v2\/posts\/4665"}],"collection":[{"href":"https:\/\/dgospel.com.br\/portal\/index.php\/wp-json\/wp\/v2\/posts"}],"about":[{"href":"https:\/\/dgospel.com.br\/portal\/index.php\/wp-json\/wp\/v2\/types\/post"}],"author":[{"embeddable":true,"href":"https:\/\/dgospel.com.br\/portal\/index.php\/wp-json\/wp\/v2\/users\/2"}],"replies":[{"embeddable":true,"href":"https:\/\/dgospel.com.br\/portal\/index.php\/wp-json\/wp\/v2\/comments?post=4665"}],"version-history":[{"count":1,"href":"https:\/\/dgospel.com.br\/portal\/index.php\/wp-json\/wp\/v2\/posts\/4665\/revisions"}],"predecessor-version":[{"id":4667,"href":"https:\/\/dgospel.com.br\/portal\/index.php\/wp-json\/wp\/v2\/posts\/4665\/revisions\/4667"}],"wp:featuredmedia":[{"embeddable":true,"href":"https:\/\/dgospel.com.br\/portal\/index.php\/wp-json\/wp\/v2\/media\/4666"}],"wp:attachment":[{"href":"https:\/\/dgospel.com.br\/portal\/index.php\/wp-json\/wp\/v2\/media?parent=4665"}],"wp:term":[{"taxonomy":"category","embeddable":true,"href":"https:\/\/dgospel.com.br\/portal\/index.php\/wp-json\/wp\/v2\/categories?post=4665"},{"taxonomy":"post_tag","embeddable":true,"href":"https:\/\/dgospel.com.br\/portal\/index.php\/wp-json\/wp\/v2\/tags?post=4665"}],"curies":[{"name":"wp","href":"https:\/\/api.w.org\/{rel}","templated":true}]}}