{"id":4679,"date":"2020-01-15T12:48:54","date_gmt":"2020-01-15T15:48:54","guid":{"rendered":"http:\/\/dgospel.com.br\/portal\/?p=4679"},"modified":"2020-01-15T12:48:56","modified_gmt":"2020-01-15T15:48:56","slug":"prefeitura-de-palmas-inicia-chamamento-publico-para-firmar-parcerias-com-empresas-para-o-capital-da-fe-2020","status":"publish","type":"post","link":"https:\/\/dgospel.com.br\/portal\/index.php\/2020\/01\/15\/prefeitura-de-palmas-inicia-chamamento-publico-para-firmar-parcerias-com-empresas-para-o-capital-da-fe-2020\/","title":{"rendered":"Prefeitura de Palmas inicia chamamento p\u00fablico para firmar parcerias com empresas para o Capital da F\u00e9 2020"},"content":{"rendered":"\n<p>A Prefeitura de Palmas, por meio da Ag\u00eancia Municipal de Turismo (Agtur),&nbsp; lan\u00e7ou um chamamento p\u00fablico para as empresas interessadas em patrocinar o evento &#8216;Palmas Capital da F\u00e9&#8217; deste ano. Os recebimentos das propostas iniciaram nesta ter\u00e7a-feira, 14, e segue at\u00e9 o dia 23, na sede da ag\u00eancia localizada na quadra ASR -SE 35 (308 Sul), Av. NS 10, no Centro de Conven\u00e7\u00f5es Arnaud Rodrigues.&nbsp;&nbsp;<\/p>\n\n\n\n<p>O edital com as especifica\u00e7\u00f5es veio a p\u00fablico, na \u00faltima segunda-feira, 13, no Di\u00e1rio Oficial do Munic\u00edpio (DOM), e visa firmar parceria e captar recursos junto \u00e0s iniciativas p\u00fablicas e privadas para a realiza\u00e7\u00e3o do tradicional evento que acontece nos dias de feriado de Carnaval.&nbsp;<\/p>\n\n\n\n<p>\u201cO espa\u00e7o aberto \u00e9 uma forma de trazer transpar\u00eancia nas parcerias privadas e p\u00fablicas, e dessa vez \u00e9 um incentivo e uma op\u00e7\u00e3o para o empres\u00e1rio que deseja associar a marca da empresa a um grande evento\u2019\u2019, lembrou o gerente de Promo\u00e7\u00e3o da Agtur,&nbsp;&nbsp;Jaime Lima.&nbsp;<\/p>\n\n\n\n<p>Os interessados em patrocinar o evento que ser\u00e1 realizado nos dias 21 a 25 de fevereiro podem optar pela concess\u00e3o de patroc\u00ednio em conformidade com as cotas\/valores e contrapartidas previstas no edital de sele\u00e7\u00e3o dispon\u00edvel atrav\u00e9s deste&nbsp;<a rel=\"noreferrer noopener\" target=\"_blank\" href=\"https:\/\/www.palmas.to.gov.br\/media\/doc\/14_1_2020_14_38_56.pdf\">link.<\/a><\/p>\n\n\n\n<p><strong>Capital da F\u00e9<\/strong><\/p>\n\n\n\n<p>O &#8216;Palmas Capital da F\u00e9&#8217; \u00e9 o principal evento do segmento religioso no per\u00edodo de Carnaval no Brasil. Na sua \u00faltima edi\u00e7\u00e3o, em 2019, reuniu mais de 150 mil pessoas que prestigiaram a programa\u00e7\u00e3o durante as cincos noites de shows.&nbsp;<\/p>\n\n\n\n<p>Para este ano os organizadores trabalham com a expectativa de p\u00fablico aproximadamente de 200 mil pessoas que devem passar no circuito montado na Vila Ol\u00edmpica ao lado do Est\u00e1dio Nilton Santos.&nbsp;&nbsp;<\/p>\n","protected":false},"excerpt":{"rendered":"<p>A Prefeitura de Palmas, por meio da Ag\u00eancia Municipal de Turismo (Agtur),&nbsp; lan\u00e7ou um chamamento p\u00fablico para as empresas interessadas em patrocinar o evento &#8216;Palmas Capital da F\u00e9&#8217; deste ano. Os recebimentos das propostas iniciaram nesta ter\u00e7a-feira, 14, e segue at\u00e9 o dia 23, na sede da ag\u00eancia localizada na quadra ASR -SE 35 (308 [&hellip;]<\/p>\n","protected":false},"author":2,"featured_media":4680,"comment_status":"open","ping_status":"open","sticky":false,"template":"","format":"standard","meta":[],"categories":[3,5],"tags":[],"_links":{"self":[{"href":"https:\/\/dgospel.com.br\/portal\/index.php\/wp-json\/wp\/v2\/posts\/4679"}],"collection":[{"href":"https:\/\/dgospel.com.br\/portal\/index.php\/wp-json\/wp\/v2\/posts"}],"about":[{"href":"https:\/\/dgospel.com.br\/portal\/index.php\/wp-json\/wp\/v2\/types\/post"}],"author":[{"embeddable":true,"href":"https:\/\/dgospel.com.br\/portal\/index.php\/wp-json\/wp\/v2\/users\/2"}],"replies":[{"embeddable":true,"href":"https:\/\/dgospel.com.br\/portal\/index.php\/wp-json\/wp\/v2\/comments?post=4679"}],"version-history":[{"count":1,"href":"https:\/\/dgospel.com.br\/portal\/index.php\/wp-json\/wp\/v2\/posts\/4679\/revisions"}],"predecessor-version":[{"id":4681,"href":"https:\/\/dgospel.com.br\/portal\/index.php\/wp-json\/wp\/v2\/posts\/4679\/revisions\/4681"}],"wp:featuredmedia":[{"embeddable":true,"href":"https:\/\/dgospel.com.br\/portal\/index.php\/wp-json\/wp\/v2\/media\/4680"}],"wp:attachment":[{"href":"https:\/\/dgospel.com.br\/portal\/index.php\/wp-json\/wp\/v2\/media?parent=4679"}],"wp:term":[{"taxonomy":"category","embeddable":true,"href":"https:\/\/dgospel.com.br\/portal\/index.php\/wp-json\/wp\/v2\/categories?post=4679"},{"taxonomy":"post_tag","embeddable":true,"href":"https:\/\/dgospel.com.br\/portal\/index.php\/wp-json\/wp\/v2\/tags?post=4679"}],"curies":[{"name":"wp","href":"https:\/\/api.w.org\/{rel}","templated":true}]}}