{"id":4682,"date":"2020-01-15T12:52:00","date_gmt":"2020-01-15T15:52:00","guid":{"rendered":"http:\/\/dgospel.com.br\/portal\/?p=4682"},"modified":"2020-01-15T12:52:02","modified_gmt":"2020-01-15T15:52:02","slug":"populacao-de-palmas-e-convocada-para-debater-os-novos-codigos-de-posturas-e-obras-do-municipio","status":"publish","type":"post","link":"https:\/\/dgospel.com.br\/portal\/index.php\/2020\/01\/15\/populacao-de-palmas-e-convocada-para-debater-os-novos-codigos-de-posturas-e-obras-do-municipio\/","title":{"rendered":"Popula\u00e7\u00e3o de Palmas \u00e9 convocada para debater os novos c\u00f3digos de Posturas e Obras do Munic\u00edpio"},"content":{"rendered":"\n<p>As novas reda\u00e7\u00f5es propostas para o C\u00f3digo de Posturas e Obras do Munic\u00edpio de Palmas ser\u00e3o apresentadas em duas audi\u00eancias p\u00fablicas nos dias 21 e 22 de janeiro, respectivamente, das 08 \u00e0s 18 horas no audit\u00f3rio do Servi\u00e7o Brasileiro de Apoio \u00e0s Micro e Pequenas Empresas (Sebrae), localizado na Quadra 102 Norte, Av. LO 04, Lote 01. A participa\u00e7\u00e3o \u00e9 aberta para toda a popula\u00e7\u00e3o de Palmas, conforme publicado no Di\u00e1rio Oficial do Munic\u00edpio, no dia 10 de janeiro, por meio dos Decretos n\u00ba 1.827 e n\u00ba 1.828<br><\/p>\n\n\n\n<p>Para a minuta proposta para o C\u00f3digo de Obras, o principal enfoque \u00e9 a simplifica\u00e7\u00e3o da an\u00e1lise e aprova\u00e7\u00e3o de projetos, conferindo mais autonomia aos profissionais no exerc\u00edcio do projeto, al\u00e9m de acelerar o processo para licenciamento das edifica\u00e7\u00f5es no Munic\u00edpio.<\/p>\n\n\n\n<p>J\u00e1 a minuta do C\u00f3digo de Posturas disp\u00f5e sobre a atualiza\u00e7\u00e3o de medidas disciplinadoras da higiene p\u00fablica, do bem-estar p\u00fablico, da localiza\u00e7\u00e3o e do funcionamento de estabelecimentos comerciais, industriais e prestadores de servi\u00e7os, bem como as correspondentes rela\u00e7\u00f5es jur\u00eddicas entre o poder p\u00fablico e o cidad\u00e3o.<\/p>\n\n\n\n<p>Ap\u00f3s a aprova\u00e7\u00e3o do texto&nbsp;o projeto de lei ser\u00e1 enviado \u00e0 C\u00e2mara Municipal da Capital para aprecia\u00e7\u00e3o e aprova\u00e7\u00e3o. Confira as propostas:<\/p>\n\n\n\n<p>Minuta de Lei &#8211;&nbsp;<a rel=\"noreferrer noopener\" target=\"_blank\" href=\"https:\/\/www.palmas.to.gov.br\/media\/doc\/7_1_2020_16_1_16.pdf\">C\u00f3digo de Posturas 2019<\/a>&nbsp;<\/p>\n\n\n\n<p>Minuta de Lei &#8211;&nbsp;<a rel=\"noreferrer noopener\" target=\"_blank\" href=\"https:\/\/www.palmas.to.gov.br\/media\/doc\/7_1_2020_15_59_25.pdf\">C\u00f3digo de Obras 2019<\/a><\/p>\n\n\n\n<p>Minuta de Lei &#8211;&nbsp;<a rel=\"noreferrer noopener\" target=\"_blank\" href=\"https:\/\/www.palmas.to.gov.br\/media\/doc\/7_1_2020_16_1_38.pdf\">Sistema de Normas T\u00e9cnicas Regulamentadoras<\/a><\/p>\n\n\n\n<p><strong>Elabora\u00e7\u00e3o<\/strong><\/p>\n\n\n\n<p>As minutas foram elaboradas por uma comiss\u00e3o formada por profissionais que comp\u00f5em o corpo t\u00e9cnico da Secretaria de Desenvolvimento Urbano, Regulariza\u00e7\u00e3o Fundi\u00e1ria e Servi\u00e7os Regionais. Os textos tamb\u00e9m contam com a colabora\u00e7\u00e3o de outras secretarias, como a de Seguran\u00e7a e Mobilidade Urbana, Infraestrutura e Servi\u00e7os P\u00fablicos, Instituto de Planejamento Urbano e Funda\u00e7\u00e3o de Meio Ambiente. Este grupo foi criado com a inten\u00e7\u00e3o de reunir diversas fontes de pesquisa, bem como selecionar material qualitativo de refer\u00eancia para a revis\u00e3o, constru\u00e7\u00e3o e inova\u00e7\u00e3o da reda\u00e7\u00e3o das novas leis complementares, com intuito primordial de atualiz\u00e1-las, mas, principalmente de simplific\u00e1-las, tornando-as mais acess\u00edveis n\u00e3o s\u00f3 para os profissionais das diversas \u00e1reas de interesse, bem como do cidad\u00e3o comum.<\/p>\n\n\n\n<p>Importante ainda destacar a participa\u00e7\u00e3o do Conselho Municipal de Desenvolvimento Urbano e Habita\u00e7\u00e3o (CMDUH), do qual participam entidades representativas da sociedade, como o Conselho de Arquitetura e Urbanismo (CAU-TO); Conselho Regional de Engenharia e Agronomia (CREA-TO); Universidade Federal do Tocantins (UFT), Centro Universit\u00e1rio Luterano de Palmas (Ceulp\/Ulbra), Sindicato da Ind\u00fastria da Constru\u00e7\u00e3o Civil no Estado do Tocantins&nbsp;(SINDUSCON), dentre outros.<\/p>\n\n\n\n<p>O trabalho foi desenvolvido ao longo do ano de 2019, sendo feito o levantamento da legisla\u00e7\u00e3o em vigor, sua interlocu\u00e7\u00e3o com o Plano Diretor revisado em 2018, o apanhado de leis urban\u00edsticas atualizadas em outros diversos munic\u00edpios brasileiros, assim como normas t\u00e9cnicas e bibliografia de refer\u00eancia.<\/p>\n\n\n\n<p>Vale destacar a cria\u00e7\u00e3o do Sistema Municipal de Normas T\u00e9cnicas Regulamentadoras (SMNTR), uma lei complementar que legitima o mecanismo de regulamenta\u00e7\u00e3o de temas espec\u00edficos, atrav\u00e9s de normas t\u00e9cnicas, que complementar\u00e3o as leis de Parcelamento do Solo, Uso e Ocupa\u00e7\u00e3o do Solo, C\u00f3digo de Obras e C\u00f3digo de Posturas. Essa ferramenta permitir\u00e1 a atualiza\u00e7\u00e3o de temas t\u00e9cnicos necess\u00e1rios para o desenvolvimento da cidade, facilitando a manuten\u00e7\u00e3o das leis em vigor.<\/p>\n\n\n\n<p><strong>Programa\u00e7\u00e3o para os dois dias<\/strong><\/p>\n\n\n\n<table class=\"wp-block-table\"><tbody><tr><td>HOR\u00c1RIO<\/td><td>ATIVIDADE<\/td><\/tr><tr><td>8:00 \u2013 8:30<\/td><td>Credenciamento<\/td><\/tr><tr><td>8:30 \u2013 9:00<\/td><td>Abertura<\/td><\/tr><tr><td>9:00 \u2013 11:00<\/td><td>Leitura do Texto<\/td><\/tr><tr><td>11:00 \u2013 12:30<\/td><td>Questionamentos<\/td><\/tr><tr><td>12:30 \u2013 14:00<\/td><td>Almo\u00e7o<\/td><\/tr><tr><td>14:00 \u2013 14:30<\/td><td>Inscri\u00e7\u00e3o dos Destaques<\/td><\/tr><tr><td>14:30 \u2013 16:30<\/td><td>Apresenta\u00e7\u00e3o de Destaques \/ Debates<\/td><\/tr><tr><td>16:30 \u2013 17:00<\/td><td>Coffee Break<\/td><\/tr><tr><td>17:00 \u2013 18:00<\/td><td>Fechamento<\/td><\/tr><\/tbody><\/table>\n\n\n\n<p>Os hor\u00e1rios poder\u00e3o sofrer adequa\u00e7\u00f5es conforme o andamento das audi\u00eancias.<\/p>\n\n\n\n<p><strong>Servi\u00e7o 1<\/strong><\/p>\n\n\n\n<p>O qu\u00ea &#8211;&nbsp;Audi\u00eancia P\u00fablica sobre novo C\u00f3digo de Posturas do Munic\u00edpio.<\/p>\n\n\n\n<p>Quando &#8211; 21 de janeiro de 2020, das 8 \u00e0s 18 horas.<\/p>\n\n\n\n<p>Onde &#8211; Audit\u00f3rio do Servi\u00e7o Brasileiro de Apoio \u00e0s Micro e Pequenas Empresas (Sebrae)&nbsp;na Quadra 102 Norte, Av. LO-4, Lote 1 &#8211; Plano Diretor Norte.<\/p>\n\n\n\n<p><strong>Servi\u00e7o 2<\/strong><\/p>\n\n\n\n<p>O qu\u00ea &#8211;&nbsp;Audi\u00eancia P\u00fablica sobre novo C\u00f3digo de Obras do Munic\u00edpio.<\/p>\n\n\n\n<p>Quando &#8211; 22 de janeiro de 2020, das 8 \u00e0s 18 horas.<\/p>\n\n\n\n<p>Onde &#8211; Audit\u00f3rio do Servi\u00e7o Brasileiro de Apoio \u00e0s Micro e Pequenas Empresas (Sebrae)&nbsp;na Quadra 102 Norte, Av. LO-4, Lote 1 &#8211; Plano Diretor Norte.<\/p>\n","protected":false},"excerpt":{"rendered":"<p>As novas reda\u00e7\u00f5es propostas para o C\u00f3digo de Posturas e Obras do Munic\u00edpio de Palmas ser\u00e3o apresentadas em duas audi\u00eancias p\u00fablicas nos dias 21 e 22 de janeiro, respectivamente, das 08 \u00e0s 18 horas no audit\u00f3rio do Servi\u00e7o Brasileiro de Apoio \u00e0s Micro e Pequenas Empresas (Sebrae), localizado na Quadra 102 Norte, Av. LO 04, [&hellip;]<\/p>\n","protected":false},"author":2,"featured_media":4683,"comment_status":"open","ping_status":"open","sticky":false,"template":"","format":"standard","meta":[],"categories":[3],"tags":[],"_links":{"self":[{"href":"https:\/\/dgospel.com.br\/portal\/index.php\/wp-json\/wp\/v2\/posts\/4682"}],"collection":[{"href":"https:\/\/dgospel.com.br\/portal\/index.php\/wp-json\/wp\/v2\/posts"}],"about":[{"href":"https:\/\/dgospel.com.br\/portal\/index.php\/wp-json\/wp\/v2\/types\/post"}],"author":[{"embeddable":true,"href":"https:\/\/dgospel.com.br\/portal\/index.php\/wp-json\/wp\/v2\/users\/2"}],"replies":[{"embeddable":true,"href":"https:\/\/dgospel.com.br\/portal\/index.php\/wp-json\/wp\/v2\/comments?post=4682"}],"version-history":[{"count":1,"href":"https:\/\/dgospel.com.br\/portal\/index.php\/wp-json\/wp\/v2\/posts\/4682\/revisions"}],"predecessor-version":[{"id":4684,"href":"https:\/\/dgospel.com.br\/portal\/index.php\/wp-json\/wp\/v2\/posts\/4682\/revisions\/4684"}],"wp:featuredmedia":[{"embeddable":true,"href":"https:\/\/dgospel.com.br\/portal\/index.php\/wp-json\/wp\/v2\/media\/4683"}],"wp:attachment":[{"href":"https:\/\/dgospel.com.br\/portal\/index.php\/wp-json\/wp\/v2\/media?parent=4682"}],"wp:term":[{"taxonomy":"category","embeddable":true,"href":"https:\/\/dgospel.com.br\/portal\/index.php\/wp-json\/wp\/v2\/categories?post=4682"},{"taxonomy":"post_tag","embeddable":true,"href":"https:\/\/dgospel.com.br\/portal\/index.php\/wp-json\/wp\/v2\/tags?post=4682"}],"curies":[{"name":"wp","href":"https:\/\/api.w.org\/{rel}","templated":true}]}}