{"id":4691,"date":"2020-01-15T13:45:19","date_gmt":"2020-01-15T16:45:19","guid":{"rendered":"http:\/\/dgospel.com.br\/portal\/?p=4691"},"modified":"2020-01-15T13:45:21","modified_gmt":"2020-01-15T16:45:21","slug":"jogador-roberto-firmino-e-batizado-com-a-presenca-de-amigos-na-inglaterra","status":"publish","type":"post","link":"https:\/\/dgospel.com.br\/portal\/index.php\/2020\/01\/15\/jogador-roberto-firmino-e-batizado-com-a-presenca-de-amigos-na-inglaterra\/","title":{"rendered":"Jogador Roberto Firmino \u00e9 batizado com a presen\u00e7a de amigos na Inglaterra"},"content":{"rendered":"\n<p>Na \u00faltima ter\u00e7a-feira (14), o&nbsp;<strong><a href=\"https:\/\/guiame.com.br\/gospel\/mundo-cristao\/alisson-e-firmino-glorificam-deus-por-vitoria-do-liverpool-na-champions-league.html\">jogador Roberto Firmino, do Liverpool<\/a><\/strong>&nbsp;foi batizado na cidade que d\u00e1 nome ao time, na Inglaterra. O momento foi realizado em um local privativo, no qual o jogador recebeu amigos e cantores brasileiros.<\/p>\n\n\n\n<p>A esposa de Firmino, Larissa Pereira, o parceiro de time,&nbsp;<strong><a href=\"https:\/\/guiame.com.br\/gospel\/mundo-cristao\/honrei-deus-no-pouco-e-ele-esta-me-honrando-no-muito-diz-goleiro-alisson.html\">goleiro Alisson Becker<\/a><\/strong>&nbsp;e a esposa Natalia Becker tamb\u00e9m acompanharam o batismo, que tamb\u00e9m contou com a presen\u00e7a dos cantores Isaias Saad e Gabriela Rocha.<\/p>\n\n\n\n<p>Todos registraram o momento em suas redes sociais, como um marco na caminhada espiritual do jogador.<\/p>\n\n\n\n<p>\u201cDia especial hoje, batismo do @roberto_firmino gl\u00f3ria a Deus!!! Estamos felizes por participar desse momento \u00fanico e especial da sua vida! Que a Gloria do Senhor brilhe sobre a sua vida e da sua fam\u00edlia linda! @larissa_peereira. Conhecendo tamb\u00e9m os queridos @alissonbecker e @natalialbecker que o Senhor continue usando voc\u00eas poderosamente por onde voc\u00eas passarem!!\u201d, escreveu Gabriela Rocha em uma publica\u00e7\u00e3o em seu perfil do Instagram.<\/p>\n\n\n\n<p>\u201cPortanto, se algu\u00e9m est\u00e1 em Cristo, \u00e9 nova cria\u00e7\u00e3o. as coisas antigas j\u00e1 passaram; eis que surgiram coisas novas! {2 cor\u00edntios 5:17} @roberto_firmino te amo meu amigo! uma nova hist\u00f3ria \u00e9 e um novo tempo se inicia hoje na sua vida!\u201d, postou Saad.<\/p>\n\n\n\n<p>Gabriela Rocha e Isaias Saad tamb\u00e9m cantaram durante o batismo, j\u00e1 que ambos gravaram louvores que marcaram a caminhada de f\u00e9 do atacante.<\/p>\n\n\n\n<p>\n\nFONTE: GUIAME\n\n<\/p>\n","protected":false},"excerpt":{"rendered":"<p>Na \u00faltima ter\u00e7a-feira (14), o&nbsp;jogador Roberto Firmino, do Liverpool&nbsp;foi batizado na cidade que d\u00e1 nome ao time, na Inglaterra. O momento foi realizado em um local privativo, no qual o jogador recebeu amigos e cantores brasileiros. A esposa de Firmino, Larissa Pereira, o parceiro de time,&nbsp;goleiro Alisson Becker&nbsp;e a esposa Natalia Becker tamb\u00e9m acompanharam o [&hellip;]<\/p>\n","protected":false},"author":2,"featured_media":4692,"comment_status":"open","ping_status":"open","sticky":false,"template":"","format":"standard","meta":[],"categories":[10,5],"tags":[],"_links":{"self":[{"href":"https:\/\/dgospel.com.br\/portal\/index.php\/wp-json\/wp\/v2\/posts\/4691"}],"collection":[{"href":"https:\/\/dgospel.com.br\/portal\/index.php\/wp-json\/wp\/v2\/posts"}],"about":[{"href":"https:\/\/dgospel.com.br\/portal\/index.php\/wp-json\/wp\/v2\/types\/post"}],"author":[{"embeddable":true,"href":"https:\/\/dgospel.com.br\/portal\/index.php\/wp-json\/wp\/v2\/users\/2"}],"replies":[{"embeddable":true,"href":"https:\/\/dgospel.com.br\/portal\/index.php\/wp-json\/wp\/v2\/comments?post=4691"}],"version-history":[{"count":1,"href":"https:\/\/dgospel.com.br\/portal\/index.php\/wp-json\/wp\/v2\/posts\/4691\/revisions"}],"predecessor-version":[{"id":4693,"href":"https:\/\/dgospel.com.br\/portal\/index.php\/wp-json\/wp\/v2\/posts\/4691\/revisions\/4693"}],"wp:featuredmedia":[{"embeddable":true,"href":"https:\/\/dgospel.com.br\/portal\/index.php\/wp-json\/wp\/v2\/media\/4692"}],"wp:attachment":[{"href":"https:\/\/dgospel.com.br\/portal\/index.php\/wp-json\/wp\/v2\/media?parent=4691"}],"wp:term":[{"taxonomy":"category","embeddable":true,"href":"https:\/\/dgospel.com.br\/portal\/index.php\/wp-json\/wp\/v2\/categories?post=4691"},{"taxonomy":"post_tag","embeddable":true,"href":"https:\/\/dgospel.com.br\/portal\/index.php\/wp-json\/wp\/v2\/tags?post=4691"}],"curies":[{"name":"wp","href":"https:\/\/api.w.org\/{rel}","templated":true}]}}