{"id":4698,"date":"2020-01-15T13:59:16","date_gmt":"2020-01-15T16:59:16","guid":{"rendered":"http:\/\/dgospel.com.br\/portal\/?p=4698"},"modified":"2020-01-15T13:59:18","modified_gmt":"2020-01-15T16:59:18","slug":"igreja-realiza-batismo-coletivo-com-2000-pessoas-em-salvador","status":"publish","type":"post","link":"https:\/\/dgospel.com.br\/portal\/index.php\/2020\/01\/15\/igreja-realiza-batismo-coletivo-com-2000-pessoas-em-salvador\/","title":{"rendered":"Igreja realiza batismo coletivo com 2000 pessoas, em Salvador"},"content":{"rendered":"\n<p>Dois mil evang\u00e9licos da Primeira Igreja Batista do Brasil participaram de um batismo coletivo em dezembro, na praia de Jaguaribe, em Salvador.<\/p>\n\n\n\n<p>Em meio a louvores e ora\u00e7\u00f5es, as milhares de pessoas que passaram para a f\u00e9 evang\u00e9lica eram recebidas uma a uma por pastores para serem batizadas nas \u00e1guas do mar.<\/p>\n\n\n\n<p>A cerim\u00f4nia na praia, que foi promovido pela igreja que j\u00e1 tem 137 anos, \u00e9 realizada desde 2009.<\/p>\n\n\n\n<p>A ca\u00e7ula do grupo, Thalita, de 8 anos, contou como \u00e9 participar do batismo coletivo. &#8220;Eu quis fazer uma alian\u00e7a com Deus&#8221;, disse.<\/p>\n\n\n\n<p>J\u00e1 a ajudante de confeiteira, Edna Santos, de 62 anos, disse que se aproximou da religi\u00e3o quando lutava contra um c\u00e2ncer de mama.<\/p>\n\n\n\n<p>&#8220;Tratamento doloroso. Eu me apeguei muito com Deus e foi a\u00ed que eu resolvi aceitar Jesus porque ele me curou&#8221;, declarou a mulher emocionada.<\/p>\n\n\n\n<p>As pessoas reunidas para o mergulho que simboliza o compromisso com a f\u00e9 tinham motivos particulares para sua decis\u00e3o. Foi o caso do agente de endemias, Carlos Franco.<\/p>\n\n\n\n<p>&#8220;\u00c9 Deus entrando em nossas vidas. Agora \u00e9 esperar para ele agir e deixar que tudo aconte\u00e7a da forma que ele quer&#8221;, relatou.<\/p>\n\n\n\n<p><strong>Fonte: Guiame \/ com informa\u00e7\u00f5es G1 \/ Foto: Reprodu\u00e7\u00e3o\/G1<\/strong><\/p>\n","protected":false},"excerpt":{"rendered":"<p>Dois mil evang\u00e9licos da Primeira Igreja Batista do Brasil participaram de um batismo coletivo em dezembro, na praia de Jaguaribe, em Salvador. Em meio a louvores e ora\u00e7\u00f5es, as milhares de pessoas que passaram para a f\u00e9 evang\u00e9lica eram recebidas uma a uma por pastores para serem batizadas nas \u00e1guas do mar. A cerim\u00f4nia na [&hellip;]<\/p>\n","protected":false},"author":2,"featured_media":4699,"comment_status":"open","ping_status":"open","sticky":false,"template":"","format":"standard","meta":[],"categories":[5,6],"tags":[],"_links":{"self":[{"href":"https:\/\/dgospel.com.br\/portal\/index.php\/wp-json\/wp\/v2\/posts\/4698"}],"collection":[{"href":"https:\/\/dgospel.com.br\/portal\/index.php\/wp-json\/wp\/v2\/posts"}],"about":[{"href":"https:\/\/dgospel.com.br\/portal\/index.php\/wp-json\/wp\/v2\/types\/post"}],"author":[{"embeddable":true,"href":"https:\/\/dgospel.com.br\/portal\/index.php\/wp-json\/wp\/v2\/users\/2"}],"replies":[{"embeddable":true,"href":"https:\/\/dgospel.com.br\/portal\/index.php\/wp-json\/wp\/v2\/comments?post=4698"}],"version-history":[{"count":1,"href":"https:\/\/dgospel.com.br\/portal\/index.php\/wp-json\/wp\/v2\/posts\/4698\/revisions"}],"predecessor-version":[{"id":4700,"href":"https:\/\/dgospel.com.br\/portal\/index.php\/wp-json\/wp\/v2\/posts\/4698\/revisions\/4700"}],"wp:featuredmedia":[{"embeddable":true,"href":"https:\/\/dgospel.com.br\/portal\/index.php\/wp-json\/wp\/v2\/media\/4699"}],"wp:attachment":[{"href":"https:\/\/dgospel.com.br\/portal\/index.php\/wp-json\/wp\/v2\/media?parent=4698"}],"wp:term":[{"taxonomy":"category","embeddable":true,"href":"https:\/\/dgospel.com.br\/portal\/index.php\/wp-json\/wp\/v2\/categories?post=4698"},{"taxonomy":"post_tag","embeddable":true,"href":"https:\/\/dgospel.com.br\/portal\/index.php\/wp-json\/wp\/v2\/tags?post=4698"}],"curies":[{"name":"wp","href":"https:\/\/api.w.org\/{rel}","templated":true}]}}