{"id":4701,"date":"2020-01-15T14:14:49","date_gmt":"2020-01-15T17:14:49","guid":{"rendered":"http:\/\/dgospel.com.br\/portal\/?p=4701"},"modified":"2020-01-15T14:14:50","modified_gmt":"2020-01-15T17:14:50","slug":"precisamos-criar-confusao-diz-integrante-do-pt-sobre-aproximacao-com-evangelicos","status":"publish","type":"post","link":"https:\/\/dgospel.com.br\/portal\/index.php\/2020\/01\/15\/precisamos-criar-confusao-diz-integrante-do-pt-sobre-aproximacao-com-evangelicos\/","title":{"rendered":"\u201cPrecisamos criar confus\u00e3o\u201d, diz integrante do PT sobre aproxima\u00e7\u00e3o com evang\u00e9licos"},"content":{"rendered":"\n<p>O PT continua tentando estabelecer meios de se aproximar dos evang\u00e9licos, e far\u00e1 campanhas nas redes sociais para vender a imagem de que \u00e9 uma legenda pol\u00edtica alinhada com princ\u00edpios e valores crist\u00e3os.<\/p>\n\n\n\n<p>Para que a iniciativa tenha receptividade entre os fi\u00e9is, o partido coletou depoimentos de pastores que s\u00e3o filiados ou apoiadores da ideologia de esquerda. Uma parte da estrat\u00e9gia \u00e9 tentar fazer com que o comunismo deixe de ser percebido no meio crist\u00e3o como algo \u00edntimo de seus valores.<\/p>\n\n\n\n<p>O que&nbsp;<a href=\"https:\/\/noticias.gospelmais.com.br\/lula-nucleos-evangelicos-pt-atrair-fieis-128816.html\"><strong>Lula e cia n\u00e3o anteviram em sua estrat\u00e9gia<\/strong><\/a>&nbsp;de propaganda em defesa do comunismo \u00e9 que a persegui\u00e7\u00e3o religiosa vivida por crist\u00e3os em pa\u00edses comunistas, como China e Coreia do Norte, \u00e9 de amplo conhecimento dos fi\u00e9is brasileiros.<\/p>\n\n\n\n<p>De acordo com informa\u00e7\u00f5es do jornal&nbsp;<a target=\"_blank\" href=\"https:\/\/valor.globo.com\/politica\/noticia\/2020\/01\/13\/pt-tera-campanha-nas-redes-para-evangelicos.ghtml\" rel=\"noreferrer noopener\"><em>Valor Econ\u00f4mico<\/em><\/a>, o PT quer que esse p\u00fablico veja a legenda como uma aliada, associando o conceito de caridade \u2013 muito presente no meio evang\u00e9lico como uma miss\u00e3o \u2013 \u00e0 proposta de \u201cjusti\u00e7a social\u201d que o partido alega defender, apesar de ter protagonizado o governo mais corrupto da hist\u00f3ria da rep\u00fablica brasileira.AN\u00daNCIO<\/p>\n\n\n\n\n\n<p>A iniciativa, ordenada por Lula, enfrenta dificuldades em certas regi\u00f5es do pa\u00eds, enquanto que em outras, h\u00e1 avan\u00e7os. No Piau\u00ed, por exemplo, onde o PT comanda o governo do estado atrav\u00e9s de Wellington Dias, os \u201cn\u00facleos evang\u00e9licos\u201d do partido est\u00e3o em pleno funcionamento, muito por conta da atua\u00e7\u00e3o da primeira-dama, Rejane Dias, que atua junto \u00e0s congrega\u00e7\u00f5es e seus projetos sociais.<\/p>\n\n\n\n<p>Em nota divulgada na semana passada, o \u201c<a href=\"https:\/\/noticias.gospelmais.com.br\/pt-encontro-evangelicos-piada-malafaia-110737.html\"><strong>N\u00facleo Nacional de Evang\u00e9licos do PT<\/strong><\/a>\u201d reconhece que \u201co fen\u00f4meno evang\u00e9lico na atualidade encontra-se no epicentro da quest\u00e3o pol\u00edtica\u201d e diz que o partido tra\u00e7ou estrat\u00e9gias \u201cpara contemplar parte dos grandes desafios apontados sobre a realidade\u201d e para \u201cfortalecer espa\u00e7os de atua\u00e7\u00e3o e forma\u00e7\u00e3o de evang\u00e9licas e evang\u00e9licos, filiadas, filiados e simpatizantes ao PT\u201d.<\/p>\n\n\n\n<p>Uma das petistas mais conhecidas no meio evang\u00e9lico \u00e9 a deputada federal Benedita da Silva, que criticou o alarde feito pelos colegas de partido sobre a aproxima\u00e7\u00e3o com lideran\u00e7as e fi\u00e9is do segmento.<\/p>\n\n\n\n<p>\u201cAcho estranha essa badala\u00e7\u00e3o porque o PT sempre teve n\u00facleos. N\u00f3s, os petistas evang\u00e9licos, nos reunimos desde 1982, quando criamos o Movimento de Evang\u00e9licos Progressistas, a maioria do PT e do PDT. Lula n\u00e3o est\u00e1 pedindo para criar coisa nenhuma, ele est\u00e1 \u00e9 dialogando\u201d, criticou a parlamentar carioca.AN\u00daNCIO.<\/p>\n\n\n\n\n\n<p>\u201cN\u00e3o entendi esse neg\u00f3cio de agora todo mundo achando que o PT est\u00e1 afastado dos evang\u00e9licos. O [Fernando] Haddad teve 14 milh\u00f5es de votos de evang\u00e9licos. Pelo amor de Deus!\u201d, alegou. \u201cQueremos fazer uma discuss\u00e3o com os evang\u00e9licos, independentemente de quem votaram e em quem continuar\u00e3o votando. O que queremos \u00e9 discutir s\u00e3o as&nbsp;<em>fake news<\/em>&nbsp;contra o partido. N\u00e3o fizeram l\u00e1 o batizado do Bolsonaro l\u00e1 no Rio Jord\u00e3o? N\u00f3s n\u00e3o estamos nem a\u00ed. S\u00f3 n\u00e3o queremos que falem um monte de mentira sobre o PT e a gente fique calado\u201d, acrescentou, sem apontar quais seriam as mentiras noticiadas sobre a legenda.<\/p>\n\n\n\n<p>Por fim, um integrante do partido admitiu que a ideia \u00e9 tumultuar: \u201cPrecisamos, ao menos, criar alguma confus\u00e3o, mostrar que h\u00e1 pastores e l\u00edderes evang\u00e9licos petistas ou simp\u00e1ticos ao PT\u201d.<\/p>\n\n\n\n<p>Fonte: gospelmais<\/p>\n","protected":false},"excerpt":{"rendered":"<p>O PT continua tentando estabelecer meios de se aproximar dos evang\u00e9licos, e far\u00e1 campanhas nas redes sociais para vender a imagem de que \u00e9 uma legenda pol\u00edtica alinhada com princ\u00edpios e valores crist\u00e3os. Para que a iniciativa tenha receptividade entre os fi\u00e9is, o partido coletou depoimentos de pastores que s\u00e3o filiados ou apoiadores da ideologia [&hellip;]<\/p>\n","protected":false},"author":2,"featured_media":4702,"comment_status":"open","ping_status":"open","sticky":false,"template":"","format":"standard","meta":[],"categories":[6,4],"tags":[],"_links":{"self":[{"href":"https:\/\/dgospel.com.br\/portal\/index.php\/wp-json\/wp\/v2\/posts\/4701"}],"collection":[{"href":"https:\/\/dgospel.com.br\/portal\/index.php\/wp-json\/wp\/v2\/posts"}],"about":[{"href":"https:\/\/dgospel.com.br\/portal\/index.php\/wp-json\/wp\/v2\/types\/post"}],"author":[{"embeddable":true,"href":"https:\/\/dgospel.com.br\/portal\/index.php\/wp-json\/wp\/v2\/users\/2"}],"replies":[{"embeddable":true,"href":"https:\/\/dgospel.com.br\/portal\/index.php\/wp-json\/wp\/v2\/comments?post=4701"}],"version-history":[{"count":1,"href":"https:\/\/dgospel.com.br\/portal\/index.php\/wp-json\/wp\/v2\/posts\/4701\/revisions"}],"predecessor-version":[{"id":4703,"href":"https:\/\/dgospel.com.br\/portal\/index.php\/wp-json\/wp\/v2\/posts\/4701\/revisions\/4703"}],"wp:featuredmedia":[{"embeddable":true,"href":"https:\/\/dgospel.com.br\/portal\/index.php\/wp-json\/wp\/v2\/media\/4702"}],"wp:attachment":[{"href":"https:\/\/dgospel.com.br\/portal\/index.php\/wp-json\/wp\/v2\/media?parent=4701"}],"wp:term":[{"taxonomy":"category","embeddable":true,"href":"https:\/\/dgospel.com.br\/portal\/index.php\/wp-json\/wp\/v2\/categories?post=4701"},{"taxonomy":"post_tag","embeddable":true,"href":"https:\/\/dgospel.com.br\/portal\/index.php\/wp-json\/wp\/v2\/tags?post=4701"}],"curies":[{"name":"wp","href":"https:\/\/api.w.org\/{rel}","templated":true}]}}