{"id":4704,"date":"2020-01-15T14:17:57","date_gmt":"2020-01-15T17:17:57","guid":{"rendered":"http:\/\/dgospel.com.br\/portal\/?p=4704"},"modified":"2020-01-15T14:17:59","modified_gmt":"2020-01-15T17:17:59","slug":"dois-pesos-e-duas-medidas-feliciano-critica-decisao-de-toffoli-a-favor-do-porta-dos-fundos","status":"publish","type":"post","link":"https:\/\/dgospel.com.br\/portal\/index.php\/2020\/01\/15\/dois-pesos-e-duas-medidas-feliciano-critica-decisao-de-toffoli-a-favor-do-porta-dos-fundos\/","title":{"rendered":"\u201cDois pesos e duas medidas\u201d: Feliciano critica decis\u00e3o de Toffoli a favor do Porta dos Fundos"},"content":{"rendered":"\n<p>O pastor Marco Feliciano (PODE-SP) expressou indigna\u00e7\u00e3o com a decis\u00e3o do ministro Jos\u00e9 Dias Toffoli, presidente do Supremo Tribunal Federal, em derrubar a liminar que suspendia a veicula\u00e7\u00e3o do filme&nbsp;<em>A Primeira Tenta\u00e7\u00e3o de Cristo<\/em>, produzido pelo Porta dos Fundos.<\/p>\n\n\n\n<p>No que definiu como uma \u201cprofunda reflex\u00e3o sobre decis\u00f5es que desacreditam a imparcialidade do Poder Judici\u00e1rio respons\u00e1vel pelo zelo a nossa Constitui\u00e7\u00e3o\u201d, o deputado federal afirmou que os ministros do STF \u201cparecem esquecer que a fun\u00e7\u00e3o maior \u00e9 o bem-estar geral da na\u00e7\u00e3o\u201d.<\/p>\n\n\n\n<p>\u201cO Supremo Tribunal Federal, a m\u00e1xima corte de nosso pa\u00eds, abriu um pol\u00eamico inqu\u00e9rito criminal no \u00faltimo m\u00eas de mar\u00e7o. O objetivo era investigar not\u00edcias fraudulentas, ofensas e amea\u00e7as que atingem a honorabilidade e a seguran\u00e7a da corte, dos ministros e seus familiares. A medida gerou cr\u00edticas no Minist\u00e9rio P\u00fablico e no meio jur\u00eddico. Isso porque, com essa medida, o ministro Dias Toffoli inovou e fez o respons\u00e1vel pelo inqu\u00e9rito, o julgador, o acusador e a v\u00edtima ser a mesma pessoa. Uma excresc\u00eancia jur\u00eddica!\u201d, contextualizou o pastor.<\/p>\n\n\n\n<p>No artigo, publicado pelo portal&nbsp;<a target=\"_blank\" href=\"https:\/\/pleno.news\/opiniao\/marco-feliciano\/porta-dos-fundos-dois-pesos-e-duas-medidas-de-dias-toffoli.html\" rel=\"noreferrer noopener\"><em>Pleno News<\/em><\/a>, Feliciano diz que durante a gest\u00e3o de Toffoli, \u201cfalar mal ou criticar qualquer membro do STF e seus familiares \u00e9 considerado crime\u201d, o que \u00e9 visto por muitos como uma esp\u00e9cie de cerceamento da liberdade de express\u00e3o.AN\u00daNCIO<\/p>\n\n\n\n\n\n<p>Feliciano diz que \u201csurpreendentemente [\u2026] o mesmo ministro&nbsp;<a href=\"https:\/\/noticias.gospelmais.com.br\/polonia-netflix-blasfemia-porta-dos-fundos-128987.html\"><strong>Dias Toffoli atendeu um pedido da Netflix<\/strong><\/a>&nbsp;e liberou o especial de Natal do grupo Porta dos Fundos [\u2026] Um material que ofende a dignidade de milh\u00f5es de crist\u00e3os brasileiros\u201d.<\/p>\n\n\n\n<p>A liminar derrubada por Dias Toffoli havia sido concedida pelo desembargador Benedicto Abicair, da 6\u00aa C\u00e2mara C\u00edvel, em favor da a\u00e7\u00e3o movida pela Associa\u00e7\u00e3o Centro Dom Bosco de F\u00e9 e Cultura, que&nbsp;<a href=\"https:\/\/noticias.gospelmais.com.br\/liminar-especial-de-natal-porta-dos-fundos-netflix-128909.html\"><strong>argumentava contra a zombaria<\/strong><\/a>&nbsp;dos humoristas sediados no Rio de Janeiro.<\/p>\n\n\n\n<p>\u201cEm sua liminar, o ministro ainda concedeu uma p\u00e9rola: \u2018N\u00e3o \u00e9 de se supor, contudo, que uma s\u00e1tira humor\u00edstica tenha o cond\u00e3o de abalar valores da f\u00e9 crist\u00e3, cuja exist\u00eancia retrocede h\u00e1 mais de dois mil anos, estando insculpida na cren\u00e7a da maioria dos cidad\u00e3os brasileiros\u2019. Ora esse argumento n\u00e3o resiste a qualquer an\u00e1lise inteligente. N\u00e3o \u00e9 porque a f\u00e9 \u00e9 inabal\u00e1vel que justifica o vilip\u00eandio previsto no artigo 208 do C\u00f3digo Penal\u201d, criticou Marco Feliciano.<\/p>\n\n\n\n<p>O questionamento feito pelo pastor usou os pr\u00f3prios argumentos de Toffoli para questionar sua decis\u00e3o: \u201cComo a honra de um ministro, tamb\u00e9m inabal\u00e1vel, poderia ser alvo de cr\u00edticas sem necessidade de apura\u00e7\u00e3o criminal? Porque dois pesos e duas medidas quando essa mesma Suprema Corte aceitou den\u00fancia contra o deputado Jair Bolsonaro apenas por expressar rea\u00e7\u00e3o \u00e0 injusta agress\u00e3o de uma deputada? Isso abriu um grave precedente, o que vejo se repetir hoje com a coniv\u00eancia de ataques ao maior s\u00edmbolo religioso na nossa na\u00e7\u00e3o, Jesus Cristo, o pr\u00f3prio Deus\u201d, finalizou.<\/p>\n\n\n\n<p>\n\nFonte: gospelmais\n\n<\/p>\n","protected":false},"excerpt":{"rendered":"<p>O pastor Marco Feliciano (PODE-SP) expressou indigna\u00e7\u00e3o com a decis\u00e3o do ministro Jos\u00e9 Dias Toffoli, presidente do Supremo Tribunal Federal, em derrubar a liminar que suspendia a veicula\u00e7\u00e3o do filme&nbsp;A Primeira Tenta\u00e7\u00e3o de Cristo, produzido pelo Porta dos Fundos. No que definiu como uma \u201cprofunda reflex\u00e3o sobre decis\u00f5es que desacreditam a imparcialidade do Poder Judici\u00e1rio [&hellip;]<\/p>\n","protected":false},"author":2,"featured_media":4705,"comment_status":"open","ping_status":"open","sticky":false,"template":"","format":"standard","meta":[],"categories":[6,4],"tags":[],"_links":{"self":[{"href":"https:\/\/dgospel.com.br\/portal\/index.php\/wp-json\/wp\/v2\/posts\/4704"}],"collection":[{"href":"https:\/\/dgospel.com.br\/portal\/index.php\/wp-json\/wp\/v2\/posts"}],"about":[{"href":"https:\/\/dgospel.com.br\/portal\/index.php\/wp-json\/wp\/v2\/types\/post"}],"author":[{"embeddable":true,"href":"https:\/\/dgospel.com.br\/portal\/index.php\/wp-json\/wp\/v2\/users\/2"}],"replies":[{"embeddable":true,"href":"https:\/\/dgospel.com.br\/portal\/index.php\/wp-json\/wp\/v2\/comments?post=4704"}],"version-history":[{"count":1,"href":"https:\/\/dgospel.com.br\/portal\/index.php\/wp-json\/wp\/v2\/posts\/4704\/revisions"}],"predecessor-version":[{"id":4706,"href":"https:\/\/dgospel.com.br\/portal\/index.php\/wp-json\/wp\/v2\/posts\/4704\/revisions\/4706"}],"wp:featuredmedia":[{"embeddable":true,"href":"https:\/\/dgospel.com.br\/portal\/index.php\/wp-json\/wp\/v2\/media\/4705"}],"wp:attachment":[{"href":"https:\/\/dgospel.com.br\/portal\/index.php\/wp-json\/wp\/v2\/media?parent=4704"}],"wp:term":[{"taxonomy":"category","embeddable":true,"href":"https:\/\/dgospel.com.br\/portal\/index.php\/wp-json\/wp\/v2\/categories?post=4704"},{"taxonomy":"post_tag","embeddable":true,"href":"https:\/\/dgospel.com.br\/portal\/index.php\/wp-json\/wp\/v2\/tags?post=4704"}],"curies":[{"name":"wp","href":"https:\/\/api.w.org\/{rel}","templated":true}]}}