{"id":4707,"date":"2020-01-15T14:23:50","date_gmt":"2020-01-15T17:23:50","guid":{"rendered":"http:\/\/dgospel.com.br\/portal\/?p=4707"},"modified":"2020-01-15T14:24:14","modified_gmt":"2020-01-15T17:24:14","slug":"juristas-evangelicos-pleiteiam-vaga-na-onu-governo-bolsonaro-apoia-candidatura","status":"publish","type":"post","link":"https:\/\/dgospel.com.br\/portal\/index.php\/2020\/01\/15\/juristas-evangelicos-pleiteiam-vaga-na-onu-governo-bolsonaro-apoia-candidatura\/","title":{"rendered":"Juristas evang\u00e9licos pleiteiam vaga na ONU; Governo Bolsonaro apoia candidatura"},"content":{"rendered":"\n<p>A Associa\u00e7\u00e3o Nacional dos Juristas Evang\u00e9licos (ANAJURE) se candidatou a ocupar um posto consultivo destinado a ONGs na Organiza\u00e7\u00e3o das Na\u00e7\u00f5es Unidas (ONU). A iniciativa conta com apoio do governo Jair Bolsonaro, atrav\u00e9s do Minist\u00e9rio das Rela\u00e7\u00f5es Exteriores.<\/p>\n\n\n\n<p>A candidatura, iniciada em 2017, pode ter um desfecho acelerado devido \u00e0 concord\u00e2ncia da entidade com grande parte da agenda implementada pelo atual ministro das Rela\u00e7\u00f5es Exteriores, Ernesto Ara\u00fajo, que se coloca como um opositor \u00e0 ideologia de g\u00eanero, por exemplo.<\/p>\n\n\n\n<p>A ANAJURE dever\u00e1 ter seu pedido votado pelo Conselho Econ\u00f4mico e Social (ECOSOC) a partir do dia 20 de janeiro, em Nova York, onde fica a sede da ONU. O apoio do governo brasileiro \u2013 um dos 19 com direito a voto nesse comit\u00ea \u2013 pode influenciar em favor da aprova\u00e7\u00e3o.<\/p>\n\n\n\n<p>Segundo informa\u00e7\u00f5es do jornalista Jamil Chade, do portal&nbsp;<a target=\"_blank\" href=\"https:\/\/noticias.uol.com.br\/colunas\/jamil-chade\/2020\/01\/10\/juristas-evangelicos-onu-brasil-governo-bolsonaro.htm\" rel=\"noreferrer noopener\"><em>Uol<\/em><\/a>, \u201cv\u00e1rias entidades j\u00e1 contam com esse status, entre elas grupos que representam interesses ind\u00edgenas, de direitos humanos e de minorias\u201d. A presen\u00e7a de um grupo de especialistas em Direito ligados ao segmento evang\u00e9lico pode tornar a balan\u00e7a do debate social menos desequilibrada.AN\u00daNCIO<\/p>\n\n\n\n\n\n<p>Uziel Santana, presidente da&nbsp;<a href=\"https:\/\/noticias.gospelmais.com.br\/tag\/anajure\"><strong>ANAJURE<\/strong><\/a>, explicou que a entidade tem atuado junto a refugiados em pa\u00edses do Oriente M\u00e9dio e que vem tamb\u00e9m trabalhando em coordena\u00e7\u00e3o com o Alto Comissariado da ONU para Refugiados, no Brasil. \u201cNossa a\u00e7\u00e3o \u00e9 independente de qualquer governo\u201d, declarou o jurista.<\/p>\n\n\n\n<p>\u201cNo governo Bolsonaro, temos apoiado v\u00e1rias pautas que nos s\u00e3o comuns, especialmente o trabalho do chanceler Ernesto Ara\u00fajo. Isso, certamente, fortalece nossa candidatura, sem que isso implique ades\u00e3o irrestrita \u00e0s pautas de qualquer governo. No passado n\u00e3o foi assim, e no presente n\u00e3o \u00e9 assim\u201d, garantiu Santana.<\/p>\n\n\n\n<p>Uma demonstra\u00e7\u00e3o disso, segundo ele, \u00e9 que a entidade j\u00e1 est\u00e1 presente na Organiza\u00e7\u00e3o dos Estados Americanos (OEA), e para isso manteve um di\u00e1logo na ocasi\u00e3o com o governo do Partido dos Trabalhadores.<\/p>\n\n\n\n<p>O alinhamento com o governo na pauta conservadora foi sinalizado j\u00e1 em junho do ano passado, quando a entidade divulgou nota em apoio \u00e0 decis\u00e3o do Minist\u00e9rio das Rela\u00e7\u00f5es Exteriores de evitar usar o termo \u201cg\u00eanero\u201d nos debates na ONU, passando a adotar \u201cigualdade entre homens e mulheres\u201d e referir-se ao sexo como \u201cfeminino e masculino\u201d.AN\u00daNCIO<\/p>\n\n\n\n\n\n<p>\u201cA Anajure manifesta apoio \u00e0 posi\u00e7\u00e3o governamental acerca da n\u00e3o utiliza\u00e7\u00e3o do termo \u2018g\u00eanero\u2019 nos moldes propostos pela teoria de g\u00eanero [\u2026] defende a possibilidade de se tratar tais temas no \u00e2mbito da pol\u00edtica externa, inclusive, por meio de orienta\u00e7\u00f5es aos agentes envolvidos no setor\u201d, dizia trecho da nota, que acrescentava o rep\u00fadio \u00e0s \u201cdistor\u00e7\u00f5es midi\u00e1ticas ao noticiar acontecimentos relacionados a temas delicados, como a sexualidade\u201d e definia a posi\u00e7\u00e3o da entidade \u201ccontrariamente a toda manifesta\u00e7\u00e3o de agressividade perante minorias sexuais, asseverando o seu compromisso inegoci\u00e1vel com a prote\u00e7\u00e3o das liberdades civis fundamentais\u201d.<\/p>\n\n\n\n<p>\n\nFonte: gospelmais\n\n<\/p>\n","protected":false},"excerpt":{"rendered":"<p>A Associa\u00e7\u00e3o Nacional dos Juristas Evang\u00e9licos (ANAJURE) se candidatou a ocupar um posto consultivo destinado a ONGs na Organiza\u00e7\u00e3o das Na\u00e7\u00f5es Unidas (ONU). A iniciativa conta com apoio do governo Jair Bolsonaro, atrav\u00e9s do Minist\u00e9rio das Rela\u00e7\u00f5es Exteriores. A candidatura, iniciada em 2017, pode ter um desfecho acelerado devido \u00e0 concord\u00e2ncia da entidade com grande [&hellip;]<\/p>\n","protected":false},"author":2,"featured_media":4708,"comment_status":"open","ping_status":"open","sticky":false,"template":"","format":"standard","meta":[],"categories":[10,5,4],"tags":[],"_links":{"self":[{"href":"https:\/\/dgospel.com.br\/portal\/index.php\/wp-json\/wp\/v2\/posts\/4707"}],"collection":[{"href":"https:\/\/dgospel.com.br\/portal\/index.php\/wp-json\/wp\/v2\/posts"}],"about":[{"href":"https:\/\/dgospel.com.br\/portal\/index.php\/wp-json\/wp\/v2\/types\/post"}],"author":[{"embeddable":true,"href":"https:\/\/dgospel.com.br\/portal\/index.php\/wp-json\/wp\/v2\/users\/2"}],"replies":[{"embeddable":true,"href":"https:\/\/dgospel.com.br\/portal\/index.php\/wp-json\/wp\/v2\/comments?post=4707"}],"version-history":[{"count":1,"href":"https:\/\/dgospel.com.br\/portal\/index.php\/wp-json\/wp\/v2\/posts\/4707\/revisions"}],"predecessor-version":[{"id":4709,"href":"https:\/\/dgospel.com.br\/portal\/index.php\/wp-json\/wp\/v2\/posts\/4707\/revisions\/4709"}],"wp:featuredmedia":[{"embeddable":true,"href":"https:\/\/dgospel.com.br\/portal\/index.php\/wp-json\/wp\/v2\/media\/4708"}],"wp:attachment":[{"href":"https:\/\/dgospel.com.br\/portal\/index.php\/wp-json\/wp\/v2\/media?parent=4707"}],"wp:term":[{"taxonomy":"category","embeddable":true,"href":"https:\/\/dgospel.com.br\/portal\/index.php\/wp-json\/wp\/v2\/categories?post=4707"},{"taxonomy":"post_tag","embeddable":true,"href":"https:\/\/dgospel.com.br\/portal\/index.php\/wp-json\/wp\/v2\/tags?post=4707"}],"curies":[{"name":"wp","href":"https:\/\/api.w.org\/{rel}","templated":true}]}}