{"id":4710,"date":"2020-01-16T17:51:14","date_gmt":"2020-01-16T20:51:14","guid":{"rendered":"http:\/\/dgospel.com.br\/portal\/?p=4710"},"modified":"2020-01-16T17:51:15","modified_gmt":"2020-01-16T20:51:15","slug":"pagamento-em-parcela-unica-do-iptu-2020-de-palmas-ate-o-dia-16-de-marco-da-direito-a-desconto","status":"publish","type":"post","link":"https:\/\/dgospel.com.br\/portal\/index.php\/2020\/01\/16\/pagamento-em-parcela-unica-do-iptu-2020-de-palmas-ate-o-dia-16-de-marco-da-direito-a-desconto\/","title":{"rendered":"Pagamento em parcela \u00fanica do IPTU 2020 de Palmas at\u00e9 o dia 16 de mar\u00e7o d\u00e1 direito a desconto"},"content":{"rendered":"\n<p>Dia 16 de mar\u00e7o vence a parcela \u00fanica referente ao Imposto Predial e Territorial Urbano (IPTU) de 2020 dos im\u00f3veis de Palmas. Esta tamb\u00e9m \u00e9 a data de pagamento da primeira parcela do imposto, para quem optar pelo parcelamento. O calend\u00e1rio com todas as datas consta no&nbsp;<a rel=\"noreferrer noopener\" target=\"_blank\" href=\"http:\/\/diariooficial.palmas.to.gov.br\/media\/diario\/2409-15-1-2020-20-33-57.pdf\">Di\u00e1rio Oficial do Munic\u00edpio<\/a>&nbsp;desta quarta-feira, 15.&nbsp;<br><\/p>\n\n\n\n<p>A gest\u00e3o espera arrecadar um montante de R$ 50 milh\u00f5es com os pagamentos. O dinheiro do contribuinte ser\u00e1 destinado \u00e0 Educa\u00e7\u00e3o, Sa\u00fade, limpeza da cidade, melhorias da infraestrutura, dentre outras atividades, conforme determina lei espec\u00edfica.<\/p>\n\n\n\n<p>No boleto referente ao IPTU constam tamb\u00e9m os valores referentes \u00e0 Taxa de Coleta de Lixo (TCL) e Contribui\u00e7\u00e3o para o Custeio dos Servi\u00e7os de Ilumina\u00e7\u00e3o P\u00fablica (COSIP). Importante destacar que os servidores da Secretaria de Finan\u00e7as (Sefin) est\u00e3o finalizando e atualizando os dados dos contribuintes para posterior libera\u00e7\u00e3o dos boletos. A previs\u00e3o \u00e9 de que os trabalhos sejam conclu\u00eddos no in\u00edcio de fevereiro.<\/p>\n\n\n\n<p>A din\u00e2mica para parcelamento \u00e9 bem simples e o pr\u00f3prio sistema calcula a quantidade de parcelas em que os impostos dever\u00e3o ser pagos, portanto, nem todos t\u00eam o direito de dividir em at\u00e9 de vezes. O C\u00f3digo Tribut\u00e1rio determina 20 Unidades Fiscais de Palmas (UFIPs) como valor m\u00ednimo de cada parcela. Considerando que cada UFIP custa R$ 3,44, a parcela m\u00ednima \u00e9 de R$ 68,80.<\/p>\n\n\n\n<p><strong>Descontos<\/strong><\/p>\n\n\n\n<p>Al\u00e9m do desconto de 10% para pagamento em parcela \u00fanica, o contribuinte palmense tem direito a mais 20% de abatimento, sendo 10% para os adimplentes com o Munic\u00edpio em 2019, e outros 10% previstos no Programa Nota Quente Palmense. Nesta \u00faltima categoria, as solicita\u00e7\u00f5es para desconto foram feitas at\u00e9 o dia 30 de novembro de 2019. Quem perdeu o prazo deve ser programar ao longo de 2020 e solicitar a tempo para ter direito no exerc\u00edcio de 2021.<\/p>\n\n\n\n<p><strong>Isen\u00e7\u00f5es<\/strong><\/p>\n\n\n\n<p>A Prefeitura de Palmas tamb\u00e9m est\u00e1 finalizando o levantamento de quantos im\u00f3veis receberam o direito a isen\u00e7\u00e3o do tributo, ou seja, n\u00e3o precisar\u00e3o pagar neste ano. A previs\u00e3o \u00e9 de que aproximadamente 25 mil im\u00f3veis sejam enquadrados.<\/p>\n\n\n\n<p><strong>O calend\u00e1rio de parcelamento ficou determinando da seguinte forma:<\/strong><\/p>\n\n\n\n<p><strong>Parcela \u00fanica ou 1\u00aa parcela<\/strong>: dia 16 de mar\u00e7o de 2020;<\/p>\n\n\n\n<p><strong>Segunda parcela<\/strong>: dia 15 de abril de 2020;<\/p>\n\n\n\n<p><strong>Terceira parcela<\/strong>: dia 15 de maio de 2020;<\/p>\n\n\n\n<p><strong>Quarta parcela<\/strong>: dia 15 de junho de 2020;<\/p>\n\n\n\n<p><strong>Quinta parcela 5<\/strong>: dia 15 de julho de 2020;<\/p>\n\n\n\n<p><strong>Sexta parcela<\/strong>: dia 17 de agosto de 2020;<\/p>\n\n\n\n<p><strong>S\u00e9tima parcela<\/strong>: dia 15 de setembro de 2020;<\/p>\n\n\n\n<p><strong>Oitava parcela<\/strong>: dia 15 de outubro de 2020;<\/p>\n\n\n\n<p><strong>Nona parcela<\/strong>: dia 16 de novembro de 2020;<\/p>\n\n\n\n<p><strong>D\u00e9cima parcela<\/strong>: dia 15 de dezembro de 2020.<\/p>\n","protected":false},"excerpt":{"rendered":"<p>Dia 16 de mar\u00e7o vence a parcela \u00fanica referente ao Imposto Predial e Territorial Urbano (IPTU) de 2020 dos im\u00f3veis de Palmas. Esta tamb\u00e9m \u00e9 a data de pagamento da primeira parcela do imposto, para quem optar pelo parcelamento. O calend\u00e1rio com todas as datas consta no&nbsp;Di\u00e1rio Oficial do Munic\u00edpio&nbsp;desta quarta-feira, 15.&nbsp; A gest\u00e3o espera [&hellip;]<\/p>\n","protected":false},"author":2,"featured_media":4711,"comment_status":"open","ping_status":"open","sticky":false,"template":"","format":"standard","meta":[],"categories":[3],"tags":[],"_links":{"self":[{"href":"https:\/\/dgospel.com.br\/portal\/index.php\/wp-json\/wp\/v2\/posts\/4710"}],"collection":[{"href":"https:\/\/dgospel.com.br\/portal\/index.php\/wp-json\/wp\/v2\/posts"}],"about":[{"href":"https:\/\/dgospel.com.br\/portal\/index.php\/wp-json\/wp\/v2\/types\/post"}],"author":[{"embeddable":true,"href":"https:\/\/dgospel.com.br\/portal\/index.php\/wp-json\/wp\/v2\/users\/2"}],"replies":[{"embeddable":true,"href":"https:\/\/dgospel.com.br\/portal\/index.php\/wp-json\/wp\/v2\/comments?post=4710"}],"version-history":[{"count":1,"href":"https:\/\/dgospel.com.br\/portal\/index.php\/wp-json\/wp\/v2\/posts\/4710\/revisions"}],"predecessor-version":[{"id":4712,"href":"https:\/\/dgospel.com.br\/portal\/index.php\/wp-json\/wp\/v2\/posts\/4710\/revisions\/4712"}],"wp:featuredmedia":[{"embeddable":true,"href":"https:\/\/dgospel.com.br\/portal\/index.php\/wp-json\/wp\/v2\/media\/4711"}],"wp:attachment":[{"href":"https:\/\/dgospel.com.br\/portal\/index.php\/wp-json\/wp\/v2\/media?parent=4710"}],"wp:term":[{"taxonomy":"category","embeddable":true,"href":"https:\/\/dgospel.com.br\/portal\/index.php\/wp-json\/wp\/v2\/categories?post=4710"},{"taxonomy":"post_tag","embeddable":true,"href":"https:\/\/dgospel.com.br\/portal\/index.php\/wp-json\/wp\/v2\/tags?post=4710"}],"curies":[{"name":"wp","href":"https:\/\/api.w.org\/{rel}","templated":true}]}}