{"id":4716,"date":"2020-01-17T17:08:53","date_gmt":"2020-01-17T20:08:53","guid":{"rendered":"http:\/\/dgospel.com.br\/portal\/?p=4716"},"modified":"2020-01-17T17:08:54","modified_gmt":"2020-01-17T20:08:54","slug":"governo-e-chineses-tem-reuniao-com-a-infraero-para-discutir-implantacao-de-rota-entre-palmas-e-xangai","status":"publish","type":"post","link":"https:\/\/dgospel.com.br\/portal\/index.php\/2020\/01\/17\/governo-e-chineses-tem-reuniao-com-a-infraero-para-discutir-implantacao-de-rota-entre-palmas-e-xangai\/","title":{"rendered":"Governo e chineses t\u00eam reuni\u00e3o com a Infraero para discutir implanta\u00e7\u00e3o de rota entre Palmas e Xangai"},"content":{"rendered":"\n<p>O Governo do Estado, por meio do Secret\u00e1rio da Ind\u00fastria, Com\u00e9rcio e Servi\u00e7os, Tom Lyra, acompanhado dos representantes da C\u00e2mara de Com\u00e9rcio de Xangai, Igor Ara\u00fajo Soares e Fernando Gur, se reuniu, nessa quarta-feira, 15, com a superintendente da Infraero em exerc\u00edcio, Jana\u00edna J\u00e1come Barros Alves e com o gerente de Gest\u00e3o Operacional e Seguran\u00e7a, Renato Duarte, para discutir a implanta\u00e7\u00e3o de rota a\u00e9rea comercial para o transporte de cargas entre Palmas e Xangai.&nbsp;<\/p>\n\n\n\n<p>Durante a reuni\u00e3o, os executivos da Infraero repassaram todas as informa\u00e7\u00f5es sobre a capacidade do Aeroporto de Palmas, Brigadeiro Lysias Rodrigues, que conta com pista de pouso e decolagem pronta para receber aeronaves, inclusive, cargueiros de grande porte.&nbsp; Foi informado tamb\u00e9m que a Infraero est\u00e1 cumprindo os protocolos para internacionaliza\u00e7\u00e3o do Aeroporto para receber voos de passageiros internacionais.<\/p>\n\n\n\n<p>Em rela\u00e7\u00e3o ao transporte de cargas, a superintendente da Infraero em exerc\u00edcio explicou que este processo depende do alfandegamento do Terminal de Log\u00edstica de Cargas (Teca), cujo processo est\u00e1 em andamento na Receita Federal. Mas, para isto, o terminal precisa receber ainda algumas adequa\u00e7\u00f5es na sua estrutura.<\/p>\n\n\n\n<p>\u201cComo o terminal foi privatizado, as obras ser\u00e3o realizadas pela empresa vencedora do certame para que seja feito o alfandegamento. S\u00f3 a partir da\u00ed a companhia chinesa pode entrar com o pedido para operar os voos cargueiros comerciais\u201d, explicou. A alf\u00e2ndega \u00e9 um departamento localizado dentro dos aeroportos para fiscalizar e controlar a entrada e sa\u00edda de mercadorias.<\/p>\n\n\n\n<p>O secret\u00e1rio Tom Lyra disse que ir\u00e1 informar ao governador Mauro Carlesse o resultado da reuni\u00e3o para que ele possa fazer gest\u00e3o na Infraero para que o processo seja agilizado, tendo em vista a import\u00e2ncia da cria\u00e7\u00e3o desta rota a\u00e9rea comercial direto com Xangai, a maior cidade da China e um n\u00facleo financeiro global.<\/p>\n\n\n\n<p>\u201dCom certeza a implanta\u00e7\u00e3o deste projeto vai ajudar intensificar o com\u00e9rcio com a China, fortalecendo a nossa economia para trazer mais desenvolvimento econ\u00f4mico e social ao Tocantins, que \u00e9 o grande interesse do governador Mauro Carlesse\u201d, afirmou.<\/p>\n\n\n\n<p>A reuni\u00e3o na Infraero foi realizada ap\u00f3s os representantes da C\u00e2mara de Com\u00e9rcio de Xangai apresentar o projeto ao governador Mauro Carlesse, ainda na manh\u00e3 dessa quarta-feira, 15.<\/p>\n","protected":false},"excerpt":{"rendered":"<p>O Governo do Estado, por meio do Secret\u00e1rio da Ind\u00fastria, Com\u00e9rcio e Servi\u00e7os, Tom Lyra, acompanhado dos representantes da C\u00e2mara de Com\u00e9rcio de Xangai, Igor Ara\u00fajo Soares e Fernando Gur, se reuniu, nessa quarta-feira, 15, com a superintendente da Infraero em exerc\u00edcio, Jana\u00edna J\u00e1come Barros Alves e com o gerente de Gest\u00e3o Operacional e Seguran\u00e7a, [&hellip;]<\/p>\n","protected":false},"author":2,"featured_media":4717,"comment_status":"open","ping_status":"open","sticky":false,"template":"","format":"standard","meta":[],"categories":[4],"tags":[],"_links":{"self":[{"href":"https:\/\/dgospel.com.br\/portal\/index.php\/wp-json\/wp\/v2\/posts\/4716"}],"collection":[{"href":"https:\/\/dgospel.com.br\/portal\/index.php\/wp-json\/wp\/v2\/posts"}],"about":[{"href":"https:\/\/dgospel.com.br\/portal\/index.php\/wp-json\/wp\/v2\/types\/post"}],"author":[{"embeddable":true,"href":"https:\/\/dgospel.com.br\/portal\/index.php\/wp-json\/wp\/v2\/users\/2"}],"replies":[{"embeddable":true,"href":"https:\/\/dgospel.com.br\/portal\/index.php\/wp-json\/wp\/v2\/comments?post=4716"}],"version-history":[{"count":1,"href":"https:\/\/dgospel.com.br\/portal\/index.php\/wp-json\/wp\/v2\/posts\/4716\/revisions"}],"predecessor-version":[{"id":4718,"href":"https:\/\/dgospel.com.br\/portal\/index.php\/wp-json\/wp\/v2\/posts\/4716\/revisions\/4718"}],"wp:featuredmedia":[{"embeddable":true,"href":"https:\/\/dgospel.com.br\/portal\/index.php\/wp-json\/wp\/v2\/media\/4717"}],"wp:attachment":[{"href":"https:\/\/dgospel.com.br\/portal\/index.php\/wp-json\/wp\/v2\/media?parent=4716"}],"wp:term":[{"taxonomy":"category","embeddable":true,"href":"https:\/\/dgospel.com.br\/portal\/index.php\/wp-json\/wp\/v2\/categories?post=4716"},{"taxonomy":"post_tag","embeddable":true,"href":"https:\/\/dgospel.com.br\/portal\/index.php\/wp-json\/wp\/v2\/tags?post=4716"}],"curies":[{"name":"wp","href":"https:\/\/api.w.org\/{rel}","templated":true}]}}