{"id":4719,"date":"2020-01-17T17:10:44","date_gmt":"2020-01-17T20:10:44","guid":{"rendered":"http:\/\/dgospel.com.br\/portal\/?p=4719"},"modified":"2020-01-17T17:10:45","modified_gmt":"2020-01-17T20:10:45","slug":"balanco-aponta-que-governador-mauro-carlesse-ja-cumpriu-maioria-das-acoes-registradas-em-seu-plano-de-governo","status":"publish","type":"post","link":"https:\/\/dgospel.com.br\/portal\/index.php\/2020\/01\/17\/balanco-aponta-que-governador-mauro-carlesse-ja-cumpriu-maioria-das-acoes-registradas-em-seu-plano-de-governo\/","title":{"rendered":"Balan\u00e7o aponta que governador Mauro Carlesse j\u00e1 cumpriu maioria das a\u00e7\u00f5es registradas em seu Plano de Governo"},"content":{"rendered":"\n<p>O governador do Tocantins, Mauro Carlesse j\u00e1 cumpriu ou colocou em execu\u00e7\u00e3o grande parte das metas estabelecidas em seu Plano de Governo, apresentado \u00e0 Justi\u00e7a Eleitoral no pleito de 2018. As a\u00e7\u00f5es contemplam as diversas \u00e1reas do Estado e impacta diretamente na melhora da qualidade de vida do cidad\u00e3o tocantinense.<\/p>\n\n\n\n<p>O plano apresentado contemplava 12 eixos e 46 metas priorit\u00e1rias. O foco do documento estava em a\u00e7\u00f5es voltadas ao municipalismo e a melhora dos servi\u00e7os p\u00fablicos oferecidos \u00e0 popula\u00e7\u00e3o nas diversas \u00e1reas do Executivo Estadual.<\/p>\n\n\n\n<p>Das 46 metas gerais, apenas cinco est\u00e3o em fase de projeto ou de negocia\u00e7\u00e3o, todas as demais j\u00e1 foram realizadas ou colocadas em pr\u00e1tica pela atual Gest\u00e3o do governador Mauro Carlesse.<\/p>\n\n\n\n<p>\u201cTemos tido um trabalho exitoso quanto \u00e0s propostas que apresentamos durante a campanha e aquilo que estamos apresentando \u00e0 popula\u00e7\u00e3o. Essa coer\u00eancia administrativa faz com que n\u00e3o apenas os cidad\u00e3os vejam que estamos no rumo certo, mas tamb\u00e9m ajuda atrair cada vez mais investidores para o Tocantins. Nosso objetivo \u00e9 continuar seguindo com a melhora dos servi\u00e7os p\u00fablicos, ao mesmo tempo em que promovemos o municipalismo, o reordenamento das contas p\u00fablicas e a melhora da qualidade de vida da popula\u00e7\u00e3o\u201d, afirma o governador Mauro Carlesse.<\/p>\n\n\n\n<p><strong>Divulga\u00e7\u00e3o Mat\u00e9rias Especiais<\/strong><\/p>\n\n\n\n<p>Para discorrer sobre as a\u00e7\u00f5es que foram realizadas dentro de cada eixo e meta priorit\u00e1ria, foi preparada uma s\u00e9rie de seis mat\u00e9rias especiais que ser\u00e3o divulgadas entre a segunda-feira, 27, e o s\u00e1bado, 1\u00ba de fevereiro.<\/p>\n\n\n\n<p><strong>Plano de Governo<\/strong><\/p>\n\n\n\n<p>O Plano de Governo \u00e9 um documento no qual os candidatos a cargos do Executivo (prefeito, governador e presidente) informam suas principais ideias e propostas para administrar o local que se prop\u00f5em a governar.<\/p>\n\n\n\n<p>A apresenta\u00e7\u00e3o do documento tem car\u00e1ter obrigat\u00f3rio e est\u00e1 na lista de documentos que o candidato precisa enviar ao Tribunal Superior Eleitoral (TSE), assim como a presta\u00e7\u00e3o de contas da campanha. Essa obrigatoriedade foi inclu\u00edda em 2009 na Lei 9.504\/97, que regula as elei\u00e7\u00f5es.<\/p>\n","protected":false},"excerpt":{"rendered":"<p>O governador do Tocantins, Mauro Carlesse j\u00e1 cumpriu ou colocou em execu\u00e7\u00e3o grande parte das metas estabelecidas em seu Plano de Governo, apresentado \u00e0 Justi\u00e7a Eleitoral no pleito de 2018. As a\u00e7\u00f5es contemplam as diversas \u00e1reas do Estado e impacta diretamente na melhora da qualidade de vida do cidad\u00e3o tocantinense. O plano apresentado contemplava 12 [&hellip;]<\/p>\n","protected":false},"author":2,"featured_media":4720,"comment_status":"open","ping_status":"open","sticky":false,"template":"","format":"standard","meta":[],"categories":[4],"tags":[],"_links":{"self":[{"href":"https:\/\/dgospel.com.br\/portal\/index.php\/wp-json\/wp\/v2\/posts\/4719"}],"collection":[{"href":"https:\/\/dgospel.com.br\/portal\/index.php\/wp-json\/wp\/v2\/posts"}],"about":[{"href":"https:\/\/dgospel.com.br\/portal\/index.php\/wp-json\/wp\/v2\/types\/post"}],"author":[{"embeddable":true,"href":"https:\/\/dgospel.com.br\/portal\/index.php\/wp-json\/wp\/v2\/users\/2"}],"replies":[{"embeddable":true,"href":"https:\/\/dgospel.com.br\/portal\/index.php\/wp-json\/wp\/v2\/comments?post=4719"}],"version-history":[{"count":1,"href":"https:\/\/dgospel.com.br\/portal\/index.php\/wp-json\/wp\/v2\/posts\/4719\/revisions"}],"predecessor-version":[{"id":4721,"href":"https:\/\/dgospel.com.br\/portal\/index.php\/wp-json\/wp\/v2\/posts\/4719\/revisions\/4721"}],"wp:featuredmedia":[{"embeddable":true,"href":"https:\/\/dgospel.com.br\/portal\/index.php\/wp-json\/wp\/v2\/media\/4720"}],"wp:attachment":[{"href":"https:\/\/dgospel.com.br\/portal\/index.php\/wp-json\/wp\/v2\/media?parent=4719"}],"wp:term":[{"taxonomy":"category","embeddable":true,"href":"https:\/\/dgospel.com.br\/portal\/index.php\/wp-json\/wp\/v2\/categories?post=4719"},{"taxonomy":"post_tag","embeddable":true,"href":"https:\/\/dgospel.com.br\/portal\/index.php\/wp-json\/wp\/v2\/tags?post=4719"}],"curies":[{"name":"wp","href":"https:\/\/api.w.org\/{rel}","templated":true}]}}