{"id":4725,"date":"2020-01-18T10:51:18","date_gmt":"2020-01-18T13:51:18","guid":{"rendered":"http:\/\/dgospel.com.br\/portal\/?p=4725"},"modified":"2020-01-18T10:51:19","modified_gmt":"2020-01-18T13:51:19","slug":"apos-reproduzir-propaganda-nazista-em-discurso-governo-demite-secretario-da-cultura","status":"publish","type":"post","link":"https:\/\/dgospel.com.br\/portal\/index.php\/2020\/01\/18\/apos-reproduzir-propaganda-nazista-em-discurso-governo-demite-secretario-da-cultura\/","title":{"rendered":"Ap\u00f3s reproduzir propaganda nazista em discurso, governo demite secret\u00e1rio da Cultura"},"content":{"rendered":"\n<p>O secret\u00e1rio especial da Cultura, Roberto&nbsp;Alvim, foi demitido nessa sexta-feira (17) ap\u00f3s v\u00eddeo em que reproduz um discurso bem semelhante ao do o ministro da Propaganda do governo de Adolf Hitler para anunciar o Pr\u00eamio Nacional das Artes. &nbsp; &nbsp;<\/p>\n\n\n\n<p>Pela manh\u00e3, o presidente da C\u00e2mara dos Deputados, Rodrigo Maia (DEM-RJ), classificou como \u201cinaceit\u00e1vel\u201d e pediu a demiss\u00e3o imediata do membro do governo.&nbsp;<\/p>\n\n\n\n<p>Na fala de Alvim, ele afirma que \u201ca arte brasileira da pr\u00f3xima d\u00e9cada ser\u00e1 heroica e ser\u00e1 nacional. Ser\u00e1 dotada de grande capacidade de envolvimento emocional e ser\u00e1 igualmente imperativa, posto que profundamente vinculada \u00e0s aspira\u00e7\u00f5es urgentes do nosso povo, ou ent\u00e3o n\u00e3o ser\u00e1 nada\u201d.<\/p>\n\n\n\n<p>O secret\u00e1rio disse ainda que \u201cao pa\u00eds a que servimos, s\u00f3 interessa uma arte que cria a sua pr\u00f3pria qualidade a partir da nacionalidade plena\u201d. O discurso \u00e9 semelhante e utiliza termos iguais ao de Joseph Goebbels, ministro do governo de Hitler.<\/p>\n\n\n\n<p>Pelas redes sociais, Roberto\u00a0Alvim se justificou dizendo que foi apenas uma &#8220;coincid\u00eancia ret\u00f3rica&#8221; e que jamais citaria Goebbels. A fala gerou pol\u00eamica e indigna\u00e7\u00e3o de diversas lideran\u00e7as pol\u00edticas, principalmente entre deputados federais.<\/p>\n\n\n\n<p>Fonte: .agenciadoradio<\/p>\n","protected":false},"excerpt":{"rendered":"<p>O secret\u00e1rio especial da Cultura, Roberto&nbsp;Alvim, foi demitido nessa sexta-feira (17) ap\u00f3s v\u00eddeo em que reproduz um discurso bem semelhante ao do o ministro da Propaganda do governo de Adolf Hitler para anunciar o Pr\u00eamio Nacional das Artes. &nbsp; &nbsp; Pela manh\u00e3, o presidente da C\u00e2mara dos Deputados, Rodrigo Maia (DEM-RJ), classificou como \u201cinaceit\u00e1vel\u201d e [&hellip;]<\/p>\n","protected":false},"author":2,"featured_media":4726,"comment_status":"open","ping_status":"open","sticky":false,"template":"","format":"standard","meta":[],"categories":[6,4],"tags":[],"_links":{"self":[{"href":"https:\/\/dgospel.com.br\/portal\/index.php\/wp-json\/wp\/v2\/posts\/4725"}],"collection":[{"href":"https:\/\/dgospel.com.br\/portal\/index.php\/wp-json\/wp\/v2\/posts"}],"about":[{"href":"https:\/\/dgospel.com.br\/portal\/index.php\/wp-json\/wp\/v2\/types\/post"}],"author":[{"embeddable":true,"href":"https:\/\/dgospel.com.br\/portal\/index.php\/wp-json\/wp\/v2\/users\/2"}],"replies":[{"embeddable":true,"href":"https:\/\/dgospel.com.br\/portal\/index.php\/wp-json\/wp\/v2\/comments?post=4725"}],"version-history":[{"count":1,"href":"https:\/\/dgospel.com.br\/portal\/index.php\/wp-json\/wp\/v2\/posts\/4725\/revisions"}],"predecessor-version":[{"id":4727,"href":"https:\/\/dgospel.com.br\/portal\/index.php\/wp-json\/wp\/v2\/posts\/4725\/revisions\/4727"}],"wp:featuredmedia":[{"embeddable":true,"href":"https:\/\/dgospel.com.br\/portal\/index.php\/wp-json\/wp\/v2\/media\/4726"}],"wp:attachment":[{"href":"https:\/\/dgospel.com.br\/portal\/index.php\/wp-json\/wp\/v2\/media?parent=4725"}],"wp:term":[{"taxonomy":"category","embeddable":true,"href":"https:\/\/dgospel.com.br\/portal\/index.php\/wp-json\/wp\/v2\/categories?post=4725"},{"taxonomy":"post_tag","embeddable":true,"href":"https:\/\/dgospel.com.br\/portal\/index.php\/wp-json\/wp\/v2\/tags?post=4725"}],"curies":[{"name":"wp","href":"https:\/\/api.w.org\/{rel}","templated":true}]}}