{"id":4731,"date":"2020-01-21T09:54:36","date_gmt":"2020-01-21T12:54:36","guid":{"rendered":"http:\/\/dgospel.com.br\/portal\/?p=4731"},"modified":"2020-01-21T09:54:38","modified_gmt":"2020-01-21T12:54:38","slug":"governador-mauro-carlesse-apresenta-o-programa-patria-amada-mirim-para-empresarios-do-tocantins","status":"publish","type":"post","link":"https:\/\/dgospel.com.br\/portal\/index.php\/2020\/01\/21\/governador-mauro-carlesse-apresenta-o-programa-patria-amada-mirim-para-empresarios-do-tocantins\/","title":{"rendered":"Governador Mauro Carlesse apresenta o programa P\u00e1tria Amada Mirim para empres\u00e1rios do Tocantins"},"content":{"rendered":"\n<p>O governador do Tocantins Mauro Carlesse recebeu nesta segunda-feira, 20, grupos de empres\u00e1rios do Estado para apresentar o programa P\u00e1tria Amada Mirim (PAM), no intuito de atrair mais investidores para o programa, que visa atender at\u00e9 2022, 25 mil crian\u00e7as e adolescentes em todo o Tocantins.<\/p>\n\n\n\n<p>Ap\u00f3s exibi\u00e7\u00e3o do v\u00eddeo institucional, os empres\u00e1rios se apresentaram e manifestaram interesse em apoiar o programa. O governador Mauro Carlesse, ressaltou que o PAM n\u00e3o \u00e9 um programa s\u00f3 do estado do Tocantins, \u201cmas de todos o que neles aqui vivem e que \u00e9 responsabilidade tamb\u00e9m da iniciativa privada de investir em programas socioambientais que visam uma nova gera\u00e7\u00e3o com consci\u00eancia ambiental e que preserve o nosso meio ambiente\u201d.<\/p>\n\n\n\n<p>O governador que externou sua alegria em receber todos os empres\u00e1rios, ressaltou que o programa ser\u00e1 realizado no Tocantins, mas \u00e9 modelo para todos os estados brasileiros e para o mundo. \u201c\u00c9 o maior programa de educa\u00e7\u00e3o ambiental do pa\u00eds, o Tocantins \u00e9 um dos estados que mais cumpre com a legisla\u00e7\u00e3o ambiental no Brasil, com a implanta\u00e7\u00e3o do PAM, os olhares para o nosso Estado ser\u00e1 diferenciado\u201d.<\/p>\n\n\n\n<p>Para o PG Meirelles diretor da Investco, o programa est\u00e1 totalmente alinhado com a miss\u00e3o da Investco e com a Energias de Portugal. \u201cTrata de um programa de educa\u00e7\u00e3o ambiental, que visa atender tanto o social quanto o ambiental, que tamb\u00e9m s\u00e3o as \u00e1reas de atua\u00e7\u00e3o do grupo, onde est\u00e1 instalada a usina\u201d. Ele destacou tamb\u00e9m que a empresa j\u00e1 investe em projetos socioambientais e que quer estender as a\u00e7\u00f5es do grupo por meio do PAM, que precisa s\u00f3 alinhar as quest\u00f5es fiscais para dar continuidade no apoio ao programa.<\/p>\n\n\n\n<p>O superintendente do Banco da Amaz\u00f4nia (Basa) no Tocantins, Marivaldo Gon\u00e7alves destacou que o banco trabalha todos os seus produtos com a transversalidade ambiental, e que \u00e9 um requisito que os seus clientes estejam dentro do marco regulat\u00f3rio ambiental. Ressaltou tamb\u00e9m que o Banco da Amaz\u00f4nia j\u00e1 tem alguns projetos em andamento como, res\u00edduos s\u00f3lidos, reciclagem, consumo de energia, e incentivar o programa \u00e9 colaborar com a responsabilidade ambiental, declarando que o Banco tem interesse concreto em apoio o PAM em 2021.<\/p>\n\n\n\n<p>Com a proposta de atender os filhos de seus colaboradores que j\u00e1 trabalham com a mat\u00e9ria prima da natureza, o coco do baba\u00e7u, a empresa Tobasa Bioindustrial de Baba\u00e7u acredita que o programa ir\u00e1 fortalecer ainda mais as a\u00e7\u00f5es de educa\u00e7\u00e3o ambiental e envolver mais ainda comunidade em uma das principais atividades econ\u00f4micas da regi\u00e3o do Bico do Papagaio. \u201cO PAM \u00e9 um programa mais que bem-vindo, ir\u00e1 fortalecer o sentimento de preserva\u00e7\u00e3o das florestas de baba\u00e7u que os pais j\u00e1 t\u00eam, e agora ser\u00e1 expandido para os seus filhos trabalhando todos as outras quest\u00f5es que s\u00e3o importante para o nosso meio ambiente\u201d, acrescentou a representante da empresa Luc\u00e9lia Neves que ir\u00e1 apresentar a proposta para a dire\u00e7\u00e3o.<\/p>\n\n\n\n<p>O secret\u00e1rio Renato Jayme ressaltou que a reuni\u00e3o foi extremamente positiva. \u201cTivemos empresas de todas as regi\u00f5es do Tocantins, que mostraram interesse efetivo em apoiar o programa. O convite do governador s\u00f3 refor\u00e7a o compromisso do Estado em continuar crescendo, produzindo e preservando o meio ambiente, por meio da educa\u00e7\u00e3o ambiental, e que as empresas s\u00e3o parte deste desenvolvimento. Agora n\u00f3s iremos trabalhar para atender todas as condi\u00e7\u00f5es necess\u00e1rias de cada empresa para que possam ser realizados os investimentos via Fundo P\u00e1tria Amada\u201d.<\/p>\n\n\n\n<p>O programa j\u00e1 conta com quatro investidores: a BRK Ambiental, a Funda\u00e7\u00e3o Banco do Brasil, Caixa Econ\u00f4mica Federal e a Energisa que contribu\u00edram para o in\u00edcio das atividades neste ano. O PAM tamb\u00e9m est\u00e1 inserido no or\u00e7amento do governo como a\u00e7\u00f5es derivadas do Planejamento Plurianual nas pol\u00edticas ambientais. As aulas est\u00e3o previstas para iniciar ainda no primeiro semestre de 2020.<\/p>\n\n\n\n<p><strong>P\u00e1tria Amada Mirim<\/strong><\/p>\n\n\n\n<p>O programa socioambiental, que tem como principal objetivo a educa\u00e7\u00e3o ambiental ir\u00e1 atender at\u00e9 2022, 25 mil crian\u00e7as e adolescentes nos 139 munic\u00edpios do Tocantins, implantando ou restaurando viveiros em cada uma das cidades do Tocantins. Para 2020, ser\u00e3o atendidas 5.500 crian\u00e7as em 40 munic\u00edpios.<\/p>\n","protected":false},"excerpt":{"rendered":"<p>O governador do Tocantins Mauro Carlesse recebeu nesta segunda-feira, 20, grupos de empres\u00e1rios do Estado para apresentar o programa P\u00e1tria Amada Mirim (PAM), no intuito de atrair mais investidores para o programa, que visa atender at\u00e9 2022, 25 mil crian\u00e7as e adolescentes em todo o Tocantins. Ap\u00f3s exibi\u00e7\u00e3o do v\u00eddeo institucional, os empres\u00e1rios se apresentaram [&hellip;]<\/p>\n","protected":false},"author":2,"featured_media":4732,"comment_status":"open","ping_status":"open","sticky":false,"template":"","format":"standard","meta":[],"categories":[3],"tags":[],"_links":{"self":[{"href":"https:\/\/dgospel.com.br\/portal\/index.php\/wp-json\/wp\/v2\/posts\/4731"}],"collection":[{"href":"https:\/\/dgospel.com.br\/portal\/index.php\/wp-json\/wp\/v2\/posts"}],"about":[{"href":"https:\/\/dgospel.com.br\/portal\/index.php\/wp-json\/wp\/v2\/types\/post"}],"author":[{"embeddable":true,"href":"https:\/\/dgospel.com.br\/portal\/index.php\/wp-json\/wp\/v2\/users\/2"}],"replies":[{"embeddable":true,"href":"https:\/\/dgospel.com.br\/portal\/index.php\/wp-json\/wp\/v2\/comments?post=4731"}],"version-history":[{"count":1,"href":"https:\/\/dgospel.com.br\/portal\/index.php\/wp-json\/wp\/v2\/posts\/4731\/revisions"}],"predecessor-version":[{"id":4733,"href":"https:\/\/dgospel.com.br\/portal\/index.php\/wp-json\/wp\/v2\/posts\/4731\/revisions\/4733"}],"wp:featuredmedia":[{"embeddable":true,"href":"https:\/\/dgospel.com.br\/portal\/index.php\/wp-json\/wp\/v2\/media\/4732"}],"wp:attachment":[{"href":"https:\/\/dgospel.com.br\/portal\/index.php\/wp-json\/wp\/v2\/media?parent=4731"}],"wp:term":[{"taxonomy":"category","embeddable":true,"href":"https:\/\/dgospel.com.br\/portal\/index.php\/wp-json\/wp\/v2\/categories?post=4731"},{"taxonomy":"post_tag","embeddable":true,"href":"https:\/\/dgospel.com.br\/portal\/index.php\/wp-json\/wp\/v2\/tags?post=4731"}],"curies":[{"name":"wp","href":"https:\/\/api.w.org\/{rel}","templated":true}]}}