{"id":4734,"date":"2020-01-21T10:17:53","date_gmt":"2020-01-21T13:17:53","guid":{"rendered":"http:\/\/dgospel.com.br\/portal\/?p=4734"},"modified":"2020-01-21T10:17:55","modified_gmt":"2020-01-21T13:17:55","slug":"damares-alves-quer-ensino-sobre-tolerancia-religiosa-nas-escolas","status":"publish","type":"post","link":"https:\/\/dgospel.com.br\/portal\/index.php\/2020\/01\/21\/damares-alves-quer-ensino-sobre-tolerancia-religiosa-nas-escolas\/","title":{"rendered":"Damares Alves quer ensino sobre toler\u00e2ncia religiosa nas escolas"},"content":{"rendered":"\n<p>A ministra da Mulher, da Fam\u00edlia e dos Direitos Humanos (MFD),&nbsp;<strong><a href=\"https:\/\/guiame.com.br\/gospel\/familia\/damares-confirma-criacao-de-canal-para-denunciar-ideologia-de-genero-nas-escolas.html\">Damares Alves<\/a><\/strong>, acredita que as escolas podem ajudar a diminuir a intoler\u00e2ncia religiosa no pa\u00eds.<\/p>\n\n\n\n\n\n<p>Para isso, fez uma parceria com o minist\u00e9rio da Educa\u00e7\u00e3o (MEC), comandado por Abraham Weintraub, que ter\u00e1 a inclus\u00e3o da disciplina sobre toler\u00e2ncia religiosa na grade curricular das escolas.PUBLICIDADE<\/p>\n\n\n\n\n\n<p>\u201cChega de tanta de tanta intoler\u00e2ncia religiosa no Brasil\u201d, escreveu a ministra em sua conta no Instagram. Segundo informa\u00e7\u00f5es, Damares ainda prepara um curso \u00e0 dist\u00e2ncia sobre o tema.<\/p>\n\n\n\n<p>O tema religi\u00e3o tem sido um dos mais importantes para a ministra.<\/p>\n\n\n\n<p>Recentemente, a Damares criou o&nbsp;<strong><a href=\"https:\/\/guiame.com.br\/gospel\/noticias\/damares-alves-cria-comite-de-defesa-da-liberdade-de-religiao-no-brasil.html\">Comit\u00ea Nacional da Liberdade de Religi\u00e3o ou Cren\u00e7a<\/a><\/strong>&nbsp;com objetivo de viabilizar a articula\u00e7\u00e3o do minist\u00e9rio com outros \u00f3rg\u00e3os e entidades para o reconhecimento do direito \u00e0 liberdade religiosa.<\/p>\n\n\n\n<p>A publica\u00e7\u00e3o da Portaria n\u00ba 3.075 foi feita no Di\u00e1rio Oficial da Uni\u00e3o em dezembro de 2019.<\/p>\n\n\n\n<p>Segundo relata, o comit\u00ea trabalhar\u00e1 tamb\u00e9m para promover o respeito \u00e0s diferentes cren\u00e7as e convic\u00e7\u00f5es, e a preserva\u00e7\u00e3o do padr\u00e3o constitucional brasileiro de laicidade, bem como para subsidi\u00e1-lo na formula\u00e7\u00e3o e proposi\u00e7\u00e3o de diretrizes de a\u00e7\u00e3o e na implementa\u00e7\u00e3o de planos, programas e projetos relacionados ao respeito \u00e0s diferentes cren\u00e7as e convic\u00e7\u00f5es, \u00e0 liberdade de culto e \u00e0 laicidade do Estado.<\/p>\n\n\n\n<p>\n\nFONTE: GUIAME, COM INFORMA\u00c7\u00d5ES DA VEJA\n\n<\/p>\n","protected":false},"excerpt":{"rendered":"<p>A ministra da Mulher, da Fam\u00edlia e dos Direitos Humanos (MFD),&nbsp;Damares Alves, acredita que as escolas podem ajudar a diminuir a intoler\u00e2ncia religiosa no pa\u00eds. Para isso, fez uma parceria com o minist\u00e9rio da Educa\u00e7\u00e3o (MEC), comandado por Abraham Weintraub, que ter\u00e1 a inclus\u00e3o da disciplina sobre toler\u00e2ncia religiosa na grade curricular das escolas.PUBLICIDADE \u201cChega [&hellip;]<\/p>\n","protected":false},"author":2,"featured_media":4735,"comment_status":"open","ping_status":"open","sticky":false,"template":"","format":"standard","meta":[],"categories":[6,4],"tags":[],"_links":{"self":[{"href":"https:\/\/dgospel.com.br\/portal\/index.php\/wp-json\/wp\/v2\/posts\/4734"}],"collection":[{"href":"https:\/\/dgospel.com.br\/portal\/index.php\/wp-json\/wp\/v2\/posts"}],"about":[{"href":"https:\/\/dgospel.com.br\/portal\/index.php\/wp-json\/wp\/v2\/types\/post"}],"author":[{"embeddable":true,"href":"https:\/\/dgospel.com.br\/portal\/index.php\/wp-json\/wp\/v2\/users\/2"}],"replies":[{"embeddable":true,"href":"https:\/\/dgospel.com.br\/portal\/index.php\/wp-json\/wp\/v2\/comments?post=4734"}],"version-history":[{"count":1,"href":"https:\/\/dgospel.com.br\/portal\/index.php\/wp-json\/wp\/v2\/posts\/4734\/revisions"}],"predecessor-version":[{"id":4736,"href":"https:\/\/dgospel.com.br\/portal\/index.php\/wp-json\/wp\/v2\/posts\/4734\/revisions\/4736"}],"wp:featuredmedia":[{"embeddable":true,"href":"https:\/\/dgospel.com.br\/portal\/index.php\/wp-json\/wp\/v2\/media\/4735"}],"wp:attachment":[{"href":"https:\/\/dgospel.com.br\/portal\/index.php\/wp-json\/wp\/v2\/media?parent=4734"}],"wp:term":[{"taxonomy":"category","embeddable":true,"href":"https:\/\/dgospel.com.br\/portal\/index.php\/wp-json\/wp\/v2\/categories?post=4734"},{"taxonomy":"post_tag","embeddable":true,"href":"https:\/\/dgospel.com.br\/portal\/index.php\/wp-json\/wp\/v2\/tags?post=4734"}],"curies":[{"name":"wp","href":"https:\/\/api.w.org\/{rel}","templated":true}]}}