{"id":4737,"date":"2020-01-21T11:25:31","date_gmt":"2020-01-21T14:25:31","guid":{"rendered":"http:\/\/dgospel.com.br\/portal\/?p=4737"},"modified":"2020-01-21T11:52:04","modified_gmt":"2020-01-21T14:52:04","slug":"pastor-ora-por-bolsonaro-e-pede-que-deus-o-oriente-a-saber-o-tempo-do-silencio","status":"publish","type":"post","link":"https:\/\/dgospel.com.br\/portal\/index.php\/2020\/01\/21\/pastor-ora-por-bolsonaro-e-pede-que-deus-o-oriente-a-saber-o-tempo-do-silencio\/","title":{"rendered":"Pastor ora por Bolsonaro e pede que Deus o oriente a saber \u201co tempo do sil\u00eancio\u201d"},"content":{"rendered":"\n<p>O general Luiz Ramos, evang\u00e9lico, levou o presidente Jair Bolsonaro ao culto da Igreja Memorial Batista em Bras\u00edlia (DF) na manh\u00e3 do \u00faltimo domingo, e o mandat\u00e1rio recebeu uma ora\u00e7\u00e3o do pastor David Pereira.<\/p>\n\n\n\n<p>Durante a ora\u00e7\u00e3o, o pastor destacou a \u201crepresentatividade\u201d dos evang\u00e9licos na figura de Bolsonaro, eleito atrav\u00e9s do voto popular, e pediu a \u201csabedoria de Jos\u00e9\u201d e \u201ctoda a sabedoria de Salom\u00e3o sobre a vida deste homem\u201d.<\/p>\n\n\n\n<p>Pereira tamb\u00e9m pediu a Deus que d\u00ea a Bolsonaro a perspic\u00e1cia de saber \u201co tempo do sil\u00eancio\u201d diante das adversidades. \u201cQue ele saiba o tempo do calar para poder reconhecer o seu agir, \u00f3, Pai. Que fale o Senhor atrav\u00e9s dele e n\u00e3o ele. E sobre ele o esp\u00edrito de sabedoria, o esp\u00edrito de depend\u00eancia do Senhor\u201d, acrescentou.<\/p>\n\n\n\n<p> A visita de Bolsonaro \u00e0 Igreja Memorial Batista na\u00a0<a href=\"https:\/\/noticias.gospelmais.com.br\/ministro-bolsonaro-general-evangelico-pediu-deus-sabedoria-116938.html\"><strong>companhia do general Luiz Ramos<\/strong><\/a>, que comanda a Secretaria de Governo e frequenta a congrega\u00e7\u00e3o, recebeu pouco destaque da imprensa, mas foi transmitida pela p\u00e1gina do presidente no\u00a0<a rel=\"noreferrer noopener\" target=\"_blank\" href=\"https:\/\/www.facebook.com\/jairmessias.bolsonaro\/videos\/2658685641025900\/\">Facebook<\/a>. <\/p>\n\n\n\n<p><strong>Andr\u00e9 Valad\u00e3o<\/strong><\/p>\n\n\n\n<p>O pastor da Lagoinha Orlando Church recebeu a visita de um dos filhos do presidente, que est\u00e1 na cidade da Fl\u00f3rida a passeio. O deputado federal Eduardo Bolsonaro e sua esposa, Helo\u00edsa, foram ao culto da igreja no \u00faltimo domingo.<\/p>\n\n\n\n<p>\u201cVamos sempre orar pelas autoridades. Sempre! Que nosso Brasil seja mais e mais levantado em toda a Terra. Oramos e ministramos palavras de Jesus sobre Eduardo Bolsonaro e sua fam\u00edlia\u201d, declarou Andr\u00e9 Valad\u00e3o.AN\u00daNCIO<\/p>\n\n\n\n\n\n<p>Na oportunidade que recebeu para dirigir a palavra aos frequentadores da Lagoinha, Eduardo Bolsonaro agradeceu as ora\u00e7\u00f5es pela vida de seu pai em 2018 e disse que o governo conta com as mesmas manifesta\u00e7\u00f5es de apoio para que todos na equipe possam trabalhar com o intuito de \u201cfirmarem o Brasil no rumo de Deus\u201d.<\/p>\n\n\n\n<p>Fonte: gospelmais<\/p>\n","protected":false},"excerpt":{"rendered":"<p>O general Luiz Ramos, evang\u00e9lico, levou o presidente Jair Bolsonaro ao culto da Igreja Memorial Batista em Bras\u00edlia (DF) na manh\u00e3 do \u00faltimo domingo, e o mandat\u00e1rio recebeu uma ora\u00e7\u00e3o do pastor David Pereira. Durante a ora\u00e7\u00e3o, o pastor destacou a \u201crepresentatividade\u201d dos evang\u00e9licos na figura de Bolsonaro, eleito atrav\u00e9s do voto popular, e pediu [&hellip;]<\/p>\n","protected":false},"author":2,"featured_media":4738,"comment_status":"open","ping_status":"open","sticky":false,"template":"","format":"standard","meta":[],"categories":[5,6],"tags":[],"_links":{"self":[{"href":"https:\/\/dgospel.com.br\/portal\/index.php\/wp-json\/wp\/v2\/posts\/4737"}],"collection":[{"href":"https:\/\/dgospel.com.br\/portal\/index.php\/wp-json\/wp\/v2\/posts"}],"about":[{"href":"https:\/\/dgospel.com.br\/portal\/index.php\/wp-json\/wp\/v2\/types\/post"}],"author":[{"embeddable":true,"href":"https:\/\/dgospel.com.br\/portal\/index.php\/wp-json\/wp\/v2\/users\/2"}],"replies":[{"embeddable":true,"href":"https:\/\/dgospel.com.br\/portal\/index.php\/wp-json\/wp\/v2\/comments?post=4737"}],"version-history":[{"count":4,"href":"https:\/\/dgospel.com.br\/portal\/index.php\/wp-json\/wp\/v2\/posts\/4737\/revisions"}],"predecessor-version":[{"id":4747,"href":"https:\/\/dgospel.com.br\/portal\/index.php\/wp-json\/wp\/v2\/posts\/4737\/revisions\/4747"}],"wp:featuredmedia":[{"embeddable":true,"href":"https:\/\/dgospel.com.br\/portal\/index.php\/wp-json\/wp\/v2\/media\/4738"}],"wp:attachment":[{"href":"https:\/\/dgospel.com.br\/portal\/index.php\/wp-json\/wp\/v2\/media?parent=4737"}],"wp:term":[{"taxonomy":"category","embeddable":true,"href":"https:\/\/dgospel.com.br\/portal\/index.php\/wp-json\/wp\/v2\/categories?post=4737"},{"taxonomy":"post_tag","embeddable":true,"href":"https:\/\/dgospel.com.br\/portal\/index.php\/wp-json\/wp\/v2\/tags?post=4737"}],"curies":[{"name":"wp","href":"https:\/\/api.w.org\/{rel}","templated":true}]}}