{"id":4740,"date":"2020-01-21T11:32:50","date_gmt":"2020-01-21T14:32:50","guid":{"rendered":"http:\/\/dgospel.com.br\/portal\/?p=4740"},"modified":"2020-01-21T11:34:44","modified_gmt":"2020-01-21T14:34:44","slug":"4740","status":"publish","type":"post","link":"https:\/\/dgospel.com.br\/portal\/index.php\/2020\/01\/21\/4740\/","title":{"rendered":"Evang\u00e9licos n\u00e3o se sentiam representados antes de Bolsonaro, diz pastor Samuel C\u00e2mara"},"content":{"rendered":"\n<p>O pastor Samuel C\u00e2mara, l\u00edder da Conven\u00e7\u00e3o das Assembleias de Deus no Brasil (CADB), avalia que parte do apoio dos evang\u00e9licos ao presidente Jair Bolsonaro se deve \u00e0 identifica\u00e7\u00e3o pela postura de disposi\u00e7\u00e3o ao trabalho duro na busca pelos objetivos.<\/p>\n\n\n\n<p>C\u00e2mara concedeu uma entrevista dizendo que o segmento evang\u00e9lico da popula\u00e7\u00e3o brasileira se sente mal representado e tem uma rotina de \u201csuor, l\u00e1grimas\u201d na luta para conviver em sociedade.<\/p>\n\n\n\n<p>\u201cTem horas em que batemos em reparti\u00e7\u00f5es p\u00fablicas e n\u00e3o encontramos um brasileiro que reflita 30% da popula\u00e7\u00e3o. Tudo para n\u00f3s \u00e9 suor, l\u00e1grimas. Evang\u00e9licos n\u00e3o est\u00e3o proporcionalmente representados\u201d, afirmou o pastor ao jornal&nbsp;<a target=\"_blank\" href=\"https:\/\/www1.folha.uol.com.br\/poder\/2020\/01\/tudo-para-evangelicos-e-suor-e-bolsonaro-ecoa-sentimento-diz-lider-da-assembleia-de-deus.shtml\" rel=\"noreferrer noopener\"><em>Folha de S. Paulo<\/em><\/a>.<\/p>\n\n\n\n<p>Segundo a avalia\u00e7\u00e3o do pastor, parte das cr\u00edticas que o presidente recebe se deve \u00e0 \u201cforma muito absolutista\u201d de se expressar, mas que mesmo com aspectos negativos, Bolsonaro \u00e9 \u201cat\u00e9 melhor do que quem tem extrema capacidade, mas exclui qualquer tipo de f\u00e9\u201d.<\/p>\n\n\n\n<p>\u201cOro para que d\u00ea certo, que o Brasil v\u00e1 se conformando\u201d, acrescentou Samuel C\u00e2mara.<\/p>\n\n\n\n<p>\u00c0 jornalista Anna Virginia Balloussier, o pastor afirmou que considerou a iniciativa do ex-presidente Lula em busca de&nbsp;<a href=\"https:\/\/noticias.gospelmais.com.br\/precisamos-criar-confusao-pt-proximidade-evangelicos-129175.html\"><strong>se reaproximar dos evang\u00e9licos<\/strong><\/a>&nbsp;\u201cuma piada\u201d, principalmente porque \u201ca Justi\u00e7a brasileira est\u00e1 atribuindo a ele muita corrup\u00e7\u00e3o\u201d, algo que \u00e9 inaceit\u00e1vel diante da perspectiva b\u00edblica.<\/p>\n\n\n\n<p>Confira a \u00edntegra da entrevista do pastor Samuel C\u00e2mara:<\/p>\n\n\n\n<p><em><strong>Por que evang\u00e9licos s\u00e3o t\u00e3o fortes no Norte, \u00fanica regi\u00e3o em que superam os cat\u00f3licos?&nbsp;<\/strong><\/em><\/p>\n\n\n\n<p><em>Assembleia de Deus, maior express\u00e3o evang\u00e9lica do pa\u00eds, nasceu aqui. A interioriza\u00e7\u00e3o dela \u00e9 muito eficiente em toda a regi\u00e3o, e temos dificuldades imensas de dist\u00e2ncia, de acessibilidade. O esp\u00edrito mission\u00e1rio do povo do Norte e essa t\u00eampera de um povo mais sofrido, mais esquecido, explicam do ponto de vista racional. Porque tem o elemento menos tang\u00edvel, que s\u00e3o os planos de Deus. Quem chega primeiro com certeza espalha melhor sua mensagem.<\/em><\/p>\n\n\n\n<p><em><strong>E por que a Igreja Cat\u00f3lica, com hist\u00f3rica dificuldade regional, n\u00e3o chegou primeiro, com a domin\u00e2ncia que tinha?&nbsp;<\/strong><\/em><\/p>\n\n\n\n<p><em>Acho que se contentaram com a grandeza, a dimens\u00e3o. Era a religi\u00e3o oficial do pa\u00eds. A maioria tende a se acomodar um pouco, n\u00e9? Nossa convic\u00e7\u00e3o \u00e9 que precisamos alcan\u00e7ar todas as pessoas. Sempre falamos que n\u00e3o podemos descansar porque hoje a Assembleia \u00e9 t\u00e3o grande, ou vamos passar a ter o que chamamos de cat\u00f3licos praticantes e n\u00e3o praticantes.<\/em><\/p>\n\n\n\n<p><em><strong>Esse fen\u00f4meno acontece entre evang\u00e9licos?<\/strong><\/em><\/p>\n\n\n\n\n\n<p><em>Persegue todos que crescem muito. A maioria dos evang\u00e9licos \u00e9 praticante, mas j\u00e1 tivemos mais gente nas igrejas. Somos mais informais [que cat\u00f3licos e o Vaticano], n\u00e3o h\u00e1 hierarquia muito r\u00edgida.&nbsp;<\/em><\/p>\n\n\n\n<p><em><strong>Voc\u00eas se submetem a alguma conven\u00e7\u00e3o geral assembleiana?&nbsp;<\/strong><\/em><\/p>\n\n\n\n<p><em>Conven\u00e7\u00f5es, para as igrejas evang\u00e9licas, s\u00e3o apenas \u00f3rg\u00e3os de confraterniza\u00e7\u00e3o, aglutina\u00e7\u00e3o de pastores. N\u00e3o t\u00eam nenhuma inger\u00eancia sobre cada igreja. Na Assembleia do Brasil, existem pelo menos cinco grandes conven\u00e7\u00f5es. Uma Assembleia pode existir mesmo que o pastor n\u00e3o esteja ligado a nenhuma delas. Quem quer centralizar e ser maior se d\u00e1 mal.<\/em><\/p>\n\n\n\n<p><em>Infelizmente, [conven\u00e7\u00f5es] se transformaram em centros de controle, que, em vez de unir e potencializar, \u00e0s vezes dividem a igreja [a igreja de Samuel rompeu com a Conven\u00e7\u00e3o Geral das Assembleias de Deus no Brasil em 2017].<\/em><\/p>\n\n\n\n<p><em><strong>\u00c9 comum, para quem v\u00ea de fora, tomar entidades que dizem representar pastores como uma esp\u00e9cie de central.&nbsp;<\/strong><\/em><\/p>\n\n\n\n<p><em>N\u00f3s somos, nesse sentido, deficientes, at\u00e9 quando se fala em massa de manobra, essa coisa toda. \u00c9 uma quest\u00e3o em que a gente perde muito dessas igrejas mais atuais, neopentecostais, nas quais um pastor \u00e9 menor do que a institui\u00e7\u00e3o.<\/em><\/p>\n\n\n\n<p><em><strong>Na Universal do Reino de Deus, por exemplo?&nbsp;<\/strong><\/em><\/p>\n\n\n\n<p><em>A\u00ed entra aquela quest\u00e3o sociol\u00f3gica. Tudo tem que vir do Rio, de S\u00e3o Paulo, onde [a Assembleia] n\u00e3o \u00e9 t\u00e3o influente.&nbsp;<\/em><\/p>\n\n\n\n<p><em><strong>Muitas vezes h\u00e1 confus\u00e3o, entre n\u00e3o evang\u00e9licos, sobre quem \u00e9 o que no segmento. Exemplo: o pastor Silas Malafaia \u00e9 confundido como neopentecostal, mas \u00e9 da Assembleia, pentecostal. Por que os neos se destacam tanto?&nbsp;<\/strong><\/em><\/p>\n\n\n\n<p><em>O crescimento deles, devido \u00e0 sua presen\u00e7a na m\u00eddia e \u00e0 localiza\u00e7\u00e3o de templos, d\u00e1&nbsp;a impress\u00e3o de que seriam maiores. A Assembleia era mais da metade dos evang\u00e9licos brasileiros at\u00e9 pouco tempo. Com as outras igrejas chegando, perdeu um pouco dessa dimens\u00e3o, o que para n\u00f3s n\u00e3o \u00e9 um dem\u00e9rito. Olhamos nosso trabalho como miss\u00e3o.<\/em><\/p>\n\n\n\n<p><em><strong>Qual a diferen\u00e7a entre pentecostais e neopentecostais?<\/strong>&nbsp;<\/em><\/p>\n\n\n\n<p><em>O p\u00fablico leigo, acho, v\u00ea neopentecostais como mais vistosos, portentosos, com mais capacidade econ\u00f4mica. Seus pastores s\u00e3o aqueles que de algum modo desfrutam dessa condi\u00e7\u00e3o de igreja que tem uma vida mais tranquila. S\u00e3o mais cosmopolitas, est\u00e3o mais nas avenidas. Mas elas n\u00e3o representam mais do que 20% de n\u00f3s. O que cresce \u00e9 o templo no meio da rua simples, da favela. A diferen\u00e7a \u00e9 que [as pentecostais] est\u00e3o onde outras n\u00e3o v\u00e3o. Essas pessoas, somadas, assustam de vez em quando as estat\u00edsticas.<\/em><\/p>\n\n\n\n<p><em><strong>Seu grupo assembleiano tem faculdade e rede de TV [ambas chamadas Boas Novas]. \u00c9 preciso ir al\u00e9m da igreja-templo?&nbsp;<\/strong><\/em><\/p>\n\n\n\n<p><em>Quem chega \u00e0 nossa posi\u00e7\u00e3o, claro, precisa atrelar outros tipos de atividades: social, cultural e, vamos dizer, de comunica\u00e7\u00e3o. N\u00e3o desprezamos como meio complementar, mas temos um medo horr\u00edvel de atrasar o trabalho de alcan\u00e7ar pessoas com o amor de Deus. Alguns assembleianos \u00e0s vezes se destacam mais. Nem sempre o foco deles \u00e9 a atividade do dia a dia. Usam melhor o meio de comunica\u00e7\u00e3o.<\/em><\/p>\n\n\n\n<p><em><strong>Fala de [Silas]&nbsp;Malafaia?&nbsp;<\/strong><\/em><\/p>\n\n\n\n<p><em>A imprensa que faz essa sele\u00e7\u00e3o. Voc\u00ea j\u00e1 citou. E n\u00e3o temos s\u00f3 o pastor Silas. Ele \u00e9 um dos que sabem se portar dentro de um mundo cheio de pol\u00eamicas, est\u00e1 disposto a um chamado de emitir opini\u00f5es. O perfil do pastor assembleiano mesmo, de comunidade, \u00e9 um pouquinho diferente. Eles se exp\u00f5em muito menos.&nbsp;<\/em><\/p>\n\n\n\n<p><em><strong>Muitas igrejas pentecostais n\u00e3o t\u00eam sites funcionais, seus pastores mal usam redes sociais. Isso preocupa?&nbsp;<\/strong><\/em><\/p>\n\n\n\n<p><em>Acho importante perceber que as neopentecostais est\u00e3o festejando 25, 30 anos [a veterana Universal tem 42]. S\u00e3o produtos da m\u00eddia e de metr\u00f3poles. A Assembleia, com 109&nbsp;anos, sempre vai mais lenta, inclusive para esses fins mais modernos. Mas, quando chega, tamb\u00e9m, chega com esse ex\u00e9rcito de gente. Os grandes fen\u00f4menos de hoje se destacam por serem igrejas especializadas em gera\u00e7\u00f5es, em tecnologia. A Assembleia nunca ser\u00e1 muito isso. Entre evang\u00e9licos, somos como num icerberg: o corpo maior est\u00e1 dentro da \u00e1gua. As pontas que aparecem s\u00e3o interessantes, at\u00e9. Ora causam dano, ora avisam aquilo que est\u00e1 ali.<\/em><\/p>\n\n\n\n<p><em><strong>\u00c9 a primeira vez que temos um presidente que, embora n\u00e3o evang\u00e9lico, v\u00ea no segmento um grande aliado e usa como lema \u201cDeus acima de todos\u201d.&nbsp;<\/strong><\/em><\/p>\n\n\n\n<p><em>Ele sabe que evang\u00e9licos s\u00e3o muito mais conservadores em termos de costumes. Um pouquinho mais atrasados nessa escala de libera\u00e7\u00e3o, de aventuras, n\u00e9? Ele se utiliza muito bem disso. As igrejas oram muito pelo Brasil, oraram pelo governo anterior.<\/em><\/p>\n\n\n\n<p><em><strong>Bolsonaro foi o primeiro presidenci\u00e1vel apoiado por todos os maiores l\u00edderes evang\u00e9licos do pa\u00eds. Em 2010, por exemplo, as tr\u00eas maiores alas da Assembleia se dividiram entre Dilma Rousseff, Jos\u00e9 Serra e Marina Silva.&nbsp;<\/strong><\/em><\/p>\n\n\n\n<p><em>N\u00e3o t\u00ednhamos como ajudar a manter o mesmo regime de governo que procurou fazer o melhor que p\u00f4de, mas levou o Brasil a um atoleiro, sobretudo \u00e9tico. Se tiv\u00e9ssemos algu\u00e9m de centro\u2026 Mas o pleito se polarizou. N\u00e3o sei se Bolsonaro dar\u00e1 certo, mas a aposta nossa \u00e9 que Deus tem que fazer alguma coisa em favor dos brasileiros.<\/em><\/p>\n\n\n\n<p><em>[Bolsonaro] \u00e9 at\u00e9 melhor do que quem tem extrema capacidade, mas exclui qualquer tipo de f\u00e9. Votei nele, continuo votando. Oro para que d\u00ea certo, que o Brasil v\u00e1 se conformando, at\u00e9 nas falhas e nas fraquezas. Tem muita coisa que a gente esperava ser diferente, mas muita coisa que achamos que est\u00e1 chegando. A popula\u00e7\u00e3o est\u00e1 olhando melhor como o STF [Supremo Tribunal Federal] trabalha, o Congresso.<\/em><\/p>\n\n\n\n<p><em><strong>O STF \u00e9 alvo frequente&nbsp;da fam\u00edlia Bolsonaro, inclusive num v\u00eddeo que o compara a hienas\u2026&nbsp;<\/strong><\/em><\/p>\n\n\n\n<p><em>Assim como Bolsonaro deve ser escrutinado pelo voto, o STF precisa de algum tipo de controle. Qual, n\u00e3o sei dizer. Ningu\u00e9m toca no juiz. Parece o marginal com rev\u00f3lver, que pode matar sem ningu\u00e9m reclamar. N\u00e3o concordo com o exagero da brincadeira [da hiena], mas evito muito a m\u00eddia social. Acho um ambiente irrespons\u00e1vel. Quem vai para ela tem que estar disposto mesmo a bagun\u00e7a.&nbsp;<\/em><\/p>\n\n\n\n<p><em><strong>O presidente defende p\u00f4r evang\u00e9licos em cargos do STF, de \u00f3rg\u00e3os de cultura. Acha necess\u00e1rio esse filtro religioso?&nbsp;<\/strong><\/em><\/p>\n\n\n\n<p><em>Logicamente, a forma de Bolsonaro se expressar \u00e9 muito absolutista, mas as pessoas pegam o lado extremo que querem. Ele de algum jeito ecoa um sentimento nosso. Tem horas em que batemos em reparti\u00e7\u00f5es p\u00fablicas e n\u00e3o encontramos um brasileiro que nos reflita, os 30% da popula\u00e7\u00e3o. Tudo para n\u00f3s \u00e9 suor, l\u00e1grimas. Os evang\u00e9licos n\u00e3o est\u00e3o proporcionalmente representados.<\/em><\/p>\n\n\n\n<p><em>Se eu pudesse dar um conselho ao querido presidente, \u00e9: fala pouco e faz muito. Evang\u00e9licos que dizem que n\u00f3s vamos mandar no Brasil e que temos que ter presidente s\u00e3o desonestos e injustos. Se Deus \u00e9 Deus e tem um plano absoluto para que o Brasil tenha convic\u00e7\u00f5es crist\u00e3s, Ele far\u00e1. Agora, o STF tem 11 ministros e nenhum evang\u00e9lico. Mas n\u00e3o deve haver um s\u00f3 porque \u00e9 evang\u00e9lico, e sim porque \u00e9 competente.<\/em><\/p>\n\n\n\n<p><em><strong>Lula orientou o PT a criar n\u00facleos evang\u00e9licos e disse que ele mesmo tem \u201cjeit\u00e3o de pastor\u201d.<\/strong><\/em><\/p>\n\n\n\n<p><em>Os brasileiros evang\u00e9licos eleitores devem ser parte da preocupa\u00e7\u00e3o dele e do partido dele. Sem d\u00favida nenhuma somos um contingente grande. Quanto \u00e0 afirma\u00e7\u00e3o de ter \u201cjeit\u00e3o de pastor\u201d, estranho. Parece mais uma piada, uma brincadeira, mormente agora quando a Justi\u00e7a brasileira est\u00e1 atribuindo a ele muita corrup\u00e7\u00e3o. Ele se distanciou bastante dessa figura de pastor. A miseric\u00f3rdia de Deus, claro, est\u00e1 dispon\u00edvel para todos. Espero que ele seja alcan\u00e7ado por essa gra\u00e7a de Deus.<\/em><\/p>\n\n\n\n<p><em><strong>Produ\u00e7\u00f5es como o especial do Porta dos Fundos que traz um Jesus gay devem ser banidas?&nbsp;<\/strong>&nbsp;<\/em><\/p>\n\n\n\n<p><em>N\u00e3o vejo o que esperar de melhor dessa equipe. Acho que a censura e a reprova\u00e7\u00e3o est\u00e3o&nbsp;sendo dadas pelo pr\u00f3prio consumidor, que \u00e9 n\u00e3o consumir conte\u00fados t\u00e3o irrelevantes e agressivos como esse. N\u00e3o creio que devemos ter censura no pa\u00eds. A liberdade de express\u00e3o \u00e9 de todos. Deles para falar o que quiser, de n\u00f3s para repudiar e boicotar. Isso basta.<\/em><\/p>\n\n\n\n<p>Fonte: gospelmais<\/p>\n","protected":false},"excerpt":{"rendered":"<p>O pastor Samuel C\u00e2mara, l\u00edder da Conven\u00e7\u00e3o das Assembleias de Deus no Brasil (CADB), avalia que parte do apoio dos evang\u00e9licos ao presidente Jair Bolsonaro se deve \u00e0 identifica\u00e7\u00e3o pela postura de disposi\u00e7\u00e3o ao trabalho duro na busca pelos objetivos. C\u00e2mara concedeu uma entrevista dizendo que o segmento evang\u00e9lico da popula\u00e7\u00e3o brasileira se sente mal [&hellip;]<\/p>\n","protected":false},"author":2,"featured_media":4741,"comment_status":"open","ping_status":"open","sticky":false,"template":"","format":"standard","meta":[],"categories":[5,6],"tags":[],"_links":{"self":[{"href":"https:\/\/dgospel.com.br\/portal\/index.php\/wp-json\/wp\/v2\/posts\/4740"}],"collection":[{"href":"https:\/\/dgospel.com.br\/portal\/index.php\/wp-json\/wp\/v2\/posts"}],"about":[{"href":"https:\/\/dgospel.com.br\/portal\/index.php\/wp-json\/wp\/v2\/types\/post"}],"author":[{"embeddable":true,"href":"https:\/\/dgospel.com.br\/portal\/index.php\/wp-json\/wp\/v2\/users\/2"}],"replies":[{"embeddable":true,"href":"https:\/\/dgospel.com.br\/portal\/index.php\/wp-json\/wp\/v2\/comments?post=4740"}],"version-history":[{"count":2,"href":"https:\/\/dgospel.com.br\/portal\/index.php\/wp-json\/wp\/v2\/posts\/4740\/revisions"}],"predecessor-version":[{"id":4743,"href":"https:\/\/dgospel.com.br\/portal\/index.php\/wp-json\/wp\/v2\/posts\/4740\/revisions\/4743"}],"wp:featuredmedia":[{"embeddable":true,"href":"https:\/\/dgospel.com.br\/portal\/index.php\/wp-json\/wp\/v2\/media\/4741"}],"wp:attachment":[{"href":"https:\/\/dgospel.com.br\/portal\/index.php\/wp-json\/wp\/v2\/media?parent=4740"}],"wp:term":[{"taxonomy":"category","embeddable":true,"href":"https:\/\/dgospel.com.br\/portal\/index.php\/wp-json\/wp\/v2\/categories?post=4740"},{"taxonomy":"post_tag","embeddable":true,"href":"https:\/\/dgospel.com.br\/portal\/index.php\/wp-json\/wp\/v2\/tags?post=4740"}],"curies":[{"name":"wp","href":"https:\/\/api.w.org\/{rel}","templated":true}]}}