{"id":4755,"date":"2020-01-22T17:09:48","date_gmt":"2020-01-22T20:09:48","guid":{"rendered":"http:\/\/dgospel.com.br\/portal\/?p=4755"},"modified":"2020-01-22T17:09:50","modified_gmt":"2020-01-22T20:09:50","slug":"colombia-integra-os-paises-que-mais-perseguem-cristaos-no-mundo","status":"publish","type":"post","link":"https:\/\/dgospel.com.br\/portal\/index.php\/2020\/01\/22\/colombia-integra-os-paises-que-mais-perseguem-cristaos-no-mundo\/","title":{"rendered":"Col\u00f4mbia integra os pa\u00edses que mais perseguem crist\u00e3os no mundo"},"content":{"rendered":"\n<p>Quem l\u00ea os relatos de crist\u00e3os perseguidos em pa\u00edses \u00e1rabes e asi\u00e1ticos pode n\u00e3o imaginar que h\u00e1 irm\u00e3os e irm\u00e3s da Am\u00e9rica Latina enfrentando violenta oposi\u00e7\u00e3o por causa da f\u00e9 em Jesus<\/p>\n\n\n\n<p>A Lista Mundial da Persegui\u00e7\u00e3o 2020, lan\u00e7ada pela Portas Abertas neste m\u00eas, relata o aumento da viol\u00eancia contra crist\u00e3os em todo mundo e ao analisar cada t\u00f3pico da Viol\u00eancia destacado na pesquisa, depara-se com os dados apresentados no texto anterior, que s\u00e3o assustadores nas regi\u00f5es em que incid\u00eancia de viol\u00eancia e persegui\u00e7\u00e3o aos crist\u00e3os s\u00e3o extremas.<\/p>\n\n\n\n<p>Mas, ao observar pa\u00edses mais pr\u00f3ximos ao Brasil, geogr\u00e1fica e culturalmente, pode-se notar \u00edndices ainda altos para&nbsp;<a href=\"http:\/\/www.portasabertas.org.br\/listamundial\/colombia\" target=\"_blank\" rel=\"noreferrer noopener\">Col\u00f4mbia<\/a>, ainda que esteja em 41\u00ba lugar da Lista Mundial da Persegui\u00e7\u00e3o 2020. Nessa edi\u00e7\u00e3o da Lista, a Col\u00f4mbia apresenta dados alarmantes de viol\u00eancia: 40 pr\u00e9dios crist\u00e3os (entre igrejas, lojas, casas e hospitais) foram destru\u00eddos, depredados ou incendiados. Dezesseis crist\u00e3os mortos e mais de 50 crist\u00e3os presos por n\u00e3o negaram a Jesus e por falar dele em zonas de risco, como as regi\u00f5es tomadas pelas mil\u00edcias, grupos paramilitares e grupos guerrilheiros, que tomam conta de boa parte do pa\u00eds.<\/p>\n\n\n\n<p>Um dos grandes respons\u00e1veis pela viol\u00eancia contra os seguidores de Cristo s\u00e3o os conflitos entre grupos criminosos e dissidentes das FARC. Os valores b\u00edblicos expressam vis\u00f5es sociopol\u00edticas contr\u00e1rias \u00e0s ideologias dos grupos armados, por isso existe violenta oposi\u00e7\u00e3o.<\/p>\n\n\n\n<p><strong>PASTOR COLOMBIANO VISITA O BRASIL<\/strong><\/p>\n\n\n\n<p>Este \u00e9 o contexto de atua\u00e7\u00e3o do pastor Enrique Machado* h\u00e1 21 anos, que est\u00e1 no Brasil at\u00e9 o dia 2 de fevereiro para contar como vive um crist\u00e3o perseguido na Col\u00f4mbia.&nbsp; Atualmente, ele ocupa a diretoria nacional do abrigo para crian\u00e7as Vis\u00e3o \u00c1gape, fundado pela Portas Abertas no pa\u00eds.<\/p>\n\n\n\n<p>O l\u00edder crist\u00e3o sempre esteve imerso em zonas violentas de concentra\u00e7\u00e3o de grupos paramilitares e o impacto do trabalho dele resultou at\u00e9 em amea\u00e7as de morte. O pastor n\u00e3o atuou apenas na preven\u00e7\u00e3o de recrutamento de crian\u00e7as para a guerrilha, ele tamb\u00e9m levou o evangelho at\u00e9 os integrantes dos grupos paramilitares. Quando os l\u00edderes do AUC foram presos, ele passou a atuar como capel\u00e3o nas penitenci\u00e1rias de seguran\u00e7a m\u00e1xima, para que outros rebeldes tivessem oportunidade de seguir a Cristo.<\/p>\n\n\n\n<p>Hoje Enrique Machado treina outros l\u00edderes para fazerem diferen\u00e7a na Col\u00f4mbia. J\u00e1 viajou esporadicamente para acompanhar e treinar 130 pastores de diferentes denomina\u00e7\u00f5es. Ele tamb\u00e9m \u00e9 fundador do Instituto B\u00edblico Peniel, onde capacita 21 estudantes de tr\u00eas regi\u00f5es do pa\u00eds. Veja a agenda de visitas do pastor Machado e v\u00e1 em algum dos cultos para conhecer o trabalho que ele faz com os crist\u00e3os perseguidos da Col\u00f4mbia.<\/p>\n\n\n\n<p>Para saber mais sobre a Col\u00f4mbia, contado por um l\u00edder colombiano,&nbsp;<a href=\"https:\/\/www.portasabertas.org.br\/como-se-envolver\/correspondentes-internacionais\" target=\"_blank\" rel=\"noreferrer noopener\">acompanhe a agenda do pastor Enrique na p\u00e1gina da Portas Abertas<\/a><\/p>\n","protected":false},"excerpt":{"rendered":"<p>Quem l\u00ea os relatos de crist\u00e3os perseguidos em pa\u00edses \u00e1rabes e asi\u00e1ticos pode n\u00e3o imaginar que h\u00e1 irm\u00e3os e irm\u00e3s da Am\u00e9rica Latina enfrentando violenta oposi\u00e7\u00e3o por causa da f\u00e9 em Jesus A Lista Mundial da Persegui\u00e7\u00e3o 2020, lan\u00e7ada pela Portas Abertas neste m\u00eas, relata o aumento da viol\u00eancia contra crist\u00e3os em todo mundo e [&hellip;]<\/p>\n","protected":false},"author":2,"featured_media":4756,"comment_status":"open","ping_status":"open","sticky":false,"template":"","format":"standard","meta":[],"categories":[5,1],"tags":[],"_links":{"self":[{"href":"https:\/\/dgospel.com.br\/portal\/index.php\/wp-json\/wp\/v2\/posts\/4755"}],"collection":[{"href":"https:\/\/dgospel.com.br\/portal\/index.php\/wp-json\/wp\/v2\/posts"}],"about":[{"href":"https:\/\/dgospel.com.br\/portal\/index.php\/wp-json\/wp\/v2\/types\/post"}],"author":[{"embeddable":true,"href":"https:\/\/dgospel.com.br\/portal\/index.php\/wp-json\/wp\/v2\/users\/2"}],"replies":[{"embeddable":true,"href":"https:\/\/dgospel.com.br\/portal\/index.php\/wp-json\/wp\/v2\/comments?post=4755"}],"version-history":[{"count":1,"href":"https:\/\/dgospel.com.br\/portal\/index.php\/wp-json\/wp\/v2\/posts\/4755\/revisions"}],"predecessor-version":[{"id":4757,"href":"https:\/\/dgospel.com.br\/portal\/index.php\/wp-json\/wp\/v2\/posts\/4755\/revisions\/4757"}],"wp:featuredmedia":[{"embeddable":true,"href":"https:\/\/dgospel.com.br\/portal\/index.php\/wp-json\/wp\/v2\/media\/4756"}],"wp:attachment":[{"href":"https:\/\/dgospel.com.br\/portal\/index.php\/wp-json\/wp\/v2\/media?parent=4755"}],"wp:term":[{"taxonomy":"category","embeddable":true,"href":"https:\/\/dgospel.com.br\/portal\/index.php\/wp-json\/wp\/v2\/categories?post=4755"},{"taxonomy":"post_tag","embeddable":true,"href":"https:\/\/dgospel.com.br\/portal\/index.php\/wp-json\/wp\/v2\/tags?post=4755"}],"curies":[{"name":"wp","href":"https:\/\/api.w.org\/{rel}","templated":true}]}}