{"id":4761,"date":"2020-01-22T17:55:38","date_gmt":"2020-01-22T20:55:38","guid":{"rendered":"http:\/\/dgospel.com.br\/portal\/?p=4761"},"modified":"2020-01-22T17:55:39","modified_gmt":"2020-01-22T20:55:39","slug":"governo-do-estado-recebe-grupo-de-trabalho-para-regularizacao-da-policia-penal-no-tocantins","status":"publish","type":"post","link":"https:\/\/dgospel.com.br\/portal\/index.php\/2020\/01\/22\/governo-do-estado-recebe-grupo-de-trabalho-para-regularizacao-da-policia-penal-no-tocantins\/","title":{"rendered":"Governo do Estado recebe grupo de trabalho para regulariza\u00e7\u00e3o da Pol\u00edcia Penal no Tocantins"},"content":{"rendered":"\n<p>O secret\u00e1rio de Estado da Cidadania e Justi\u00e7a (Seciju), Heber Fidelis, recebeu nesta quarta-feira, 22, participantes do Grupo de Trabalho para regularizar a Pol\u00edcia Penal do Estado do Tocantins, formado por servidores dos Sistemas Penitenci\u00e1rio e Prisional.<\/p>\n\n\n\n<p>A reuni\u00e3o teve o intuito de discutir quais mudan\u00e7as acontecer\u00e3o na carreira dos servidores efetivos que j\u00e1 desempenham fun\u00e7\u00f5es no sistema penitenci\u00e1rio tocantinense, ocupando os cargos de agente de execu\u00e7\u00e3o penal e agente analista de execu\u00e7\u00e3o penal.<\/p>\n\n\n\n<p><strong>Mudan\u00e7as<\/strong><\/p>\n\n\n\n<p>A Pol\u00edcia Penal \u00e9 o \u00f3rg\u00e3o que ser\u00e1 respons\u00e1vel pela seguran\u00e7a do sistema prisional. Em decorr\u00eancia da sua cria\u00e7\u00e3o, os agentes de execu\u00e7\u00e3o penal e analista de execu\u00e7\u00e3o penal do quadro do Sistema Penitenci\u00e1rio e Prisional do Estado do Tocantins ser\u00e3o equiparados aos membros das demais pol\u00edcias brasileiras, mas com atribui\u00e7\u00f5es reguladas em lei espec\u00edficas.<\/p>\n\n\n\n<p><strong>Grupo de Trabalho<\/strong><\/p>\n\n\n\n<p>Participaram da reuni\u00e3o, na sede da Seciju, o secret\u00e1rio de Estado da Cidadania e Justi\u00e7a, Heber Fidelis; a assessora jur\u00eddica da Seciju, Larissa Peigo Duzzioni, e os servidores dos Sistemas Prisional e Penitenci\u00e1rio: Orleanes de Sousa Alves, Daniel Rodrigo de Ara\u00fajo, Marcondes Marques Marciano, Janivaldo Carvalho, Adamo Tadeu P\u00f3voa Meio e Francisco Eudes Vieira Marques.<\/p>\n\n\n\n<p><strong>Reuni\u00e3o Depen<\/strong><\/p>\n\n\n\n<p>O Departamento Penitenci\u00e1rio Nacional (Depen) convocou os gestores estaduais da administra\u00e7\u00e3o prisional para uma reuni\u00e3o nesta quinta-feira, 23, com a finalidade de discutir sobre as adequa\u00e7\u00f5es necess\u00e1rias para regulariza\u00e7\u00e3o da pol\u00edcia penal nos \u00e2mbitos federal, estadual e distrital.<\/p>\n\n\n\n<p>\u201cConsideramos a altera\u00e7\u00e3o da Constitui\u00e7\u00e3o Federal como o reconhecimento ao trabalho de preserva\u00e7\u00e3o da seguran\u00e7a p\u00fablica que j\u00e1 era desempenhado pelos servidores do sistema penitenci\u00e1rio. A reuni\u00e3o com o Depen e demais gestores estaduais ir\u00e1 nos orientar como proceder a regulamenta\u00e7\u00e3o da Pol\u00edcia Penal no Estado do Tocantins\u201d, ressaltou o secret\u00e1rio Heber Fidelis.<\/p>\n\n\n\n<p><strong>Pol\u00edcia Penal<\/strong><\/p>\n\n\n\n<p>A Pol\u00edcia Penal federal, estadual e distrital foi criada por meio&nbsp;da Emenda Constitucional 104, publicada no dia 4 de dezembro de 2019, alterando o artigo 144 da Constitui\u00e7\u00e3o Federal, que disp\u00f5e a respeito dos \u00f3rg\u00e3os que comp\u00f5em a seguran\u00e7a p\u00fablica.<\/p>\n\n\n\n<p>Art. 144 &#8211; A seguran\u00e7a p\u00fablica, dever do Estado, direito e responsabilidade de todos, \u00e9 exercida para a preserva\u00e7\u00e3o da ordem p\u00fablica e da incolumidade das pessoas e do patrim\u00f4nio, atrav\u00e9s dos seguintes \u00f3rg\u00e3os:<\/p>\n\n\n\n<p>I &#8211; pol\u00edcia federal;<\/p>\n\n\n\n<p>II &#8211; pol\u00edcia rodovi\u00e1ria federal;<\/p>\n\n\n\n<p>III &#8211; pol\u00edcia ferrovi\u00e1ria federal;<\/p>\n\n\n\n<p>IV &#8211; pol\u00edcias civis;<\/p>\n\n\n\n<p>V &#8211; pol\u00edcias militares e corpos de bombeiros militares;<\/p>\n\n\n\n<p>VI &#8211; pol\u00edcias penais federal, estaduais e distrital.<\/p>\n","protected":false},"excerpt":{"rendered":"<p>O secret\u00e1rio de Estado da Cidadania e Justi\u00e7a (Seciju), Heber Fidelis, recebeu nesta quarta-feira, 22, participantes do Grupo de Trabalho para regularizar a Pol\u00edcia Penal do Estado do Tocantins, formado por servidores dos Sistemas Penitenci\u00e1rio e Prisional. A reuni\u00e3o teve o intuito de discutir quais mudan\u00e7as acontecer\u00e3o na carreira dos servidores efetivos que j\u00e1 desempenham [&hellip;]<\/p>\n","protected":false},"author":2,"featured_media":4762,"comment_status":"open","ping_status":"open","sticky":false,"template":"","format":"standard","meta":[],"categories":[4],"tags":[],"_links":{"self":[{"href":"https:\/\/dgospel.com.br\/portal\/index.php\/wp-json\/wp\/v2\/posts\/4761"}],"collection":[{"href":"https:\/\/dgospel.com.br\/portal\/index.php\/wp-json\/wp\/v2\/posts"}],"about":[{"href":"https:\/\/dgospel.com.br\/portal\/index.php\/wp-json\/wp\/v2\/types\/post"}],"author":[{"embeddable":true,"href":"https:\/\/dgospel.com.br\/portal\/index.php\/wp-json\/wp\/v2\/users\/2"}],"replies":[{"embeddable":true,"href":"https:\/\/dgospel.com.br\/portal\/index.php\/wp-json\/wp\/v2\/comments?post=4761"}],"version-history":[{"count":1,"href":"https:\/\/dgospel.com.br\/portal\/index.php\/wp-json\/wp\/v2\/posts\/4761\/revisions"}],"predecessor-version":[{"id":4763,"href":"https:\/\/dgospel.com.br\/portal\/index.php\/wp-json\/wp\/v2\/posts\/4761\/revisions\/4763"}],"wp:featuredmedia":[{"embeddable":true,"href":"https:\/\/dgospel.com.br\/portal\/index.php\/wp-json\/wp\/v2\/media\/4762"}],"wp:attachment":[{"href":"https:\/\/dgospel.com.br\/portal\/index.php\/wp-json\/wp\/v2\/media?parent=4761"}],"wp:term":[{"taxonomy":"category","embeddable":true,"href":"https:\/\/dgospel.com.br\/portal\/index.php\/wp-json\/wp\/v2\/categories?post=4761"},{"taxonomy":"post_tag","embeddable":true,"href":"https:\/\/dgospel.com.br\/portal\/index.php\/wp-json\/wp\/v2\/tags?post=4761"}],"curies":[{"name":"wp","href":"https:\/\/api.w.org\/{rel}","templated":true}]}}