{"id":4764,"date":"2020-01-27T10:40:22","date_gmt":"2020-01-27T13:40:22","guid":{"rendered":"http:\/\/dgospel.com.br\/portal\/?p=4764"},"modified":"2020-01-27T10:40:24","modified_gmt":"2020-01-27T13:40:24","slug":"trump-se-reune-com-lideres-de-israel-para-apresentar-detalhes-do-acordo-de-paz","status":"publish","type":"post","link":"https:\/\/dgospel.com.br\/portal\/index.php\/2020\/01\/27\/trump-se-reune-com-lideres-de-israel-para-apresentar-detalhes-do-acordo-de-paz\/","title":{"rendered":"Trump se re\u00fane com l\u00edderes de Israel para apresentar detalhes do \u201cacordo de paz\u201d"},"content":{"rendered":"\n<p>O presidente dos Estados Unidos, Donald Trump, ir\u00e1 se reunir nesta segunda-feira (27) com l\u00edderes israelenses na Casa Branca para divulgar detalhes de seu t\u00e3o esperado \u201c<a href=\"https:\/\/guiame.com.br\/gospel\/israel\/eua-apresentam-acordo-do-seculo-para-paz-entre-israelenses-e-palestinos.html\"><strong>acordo de paz<\/strong><\/a>\u201d entre israelenses e palestinos.<\/p>\n\n\n\n<p>Trump se encontrar\u00e1 com o primeiro-ministro de Israel, Benjamin Netanyahu e seu advers\u00e1rio eleitoral, Benny Gantz, no Sal\u00e3o Oval para negocia\u00e7\u00f5es. Washington convidou o l\u00edder da oposi\u00e7\u00e3o para garantir que o pr\u00f3ximo l\u00edder de Israel, ap\u00f3s as elei\u00e7\u00f5es de 2 de mar\u00e7o, estar\u00e1 por dentro do acordo.<\/p>\n\n\n\n<p>O convite aos l\u00edderes israelenses foi feito na semana passada pelo vice-presidente dos EUA, Mike Pence, durante visita a Jerusal\u00e9m para o F\u00f3rum Mundial do Holocausto. Antes de partir para Washington, Netanyahu disse que esperava \u201cfazer hist\u00f3ria\u201d.<\/p>\n\n\n\n<p>A reuni\u00e3o, que ser\u00e1 a primeira de Gantz com o presidente dos EUA, ser\u00e1 fechada \u00e0 imprensa.<\/p>\n\n\n\n<p>Poucos aspectos pol\u00edticos do acordo de paz foram divulgados, al\u00e9m de um&nbsp;<a href=\"https:\/\/guiame.com.br\/gospel\/israel\/eua-apresentam-acordo-do-seculo-para-paz-entre-israelenses-e-palestinos.html\"><strong>plano econ\u00f4mico<\/strong><\/a>&nbsp;apresentado em junho de 2019, que buscava arrecadar dinheiro dos pa\u00edses do Golfo para financiar o projeto.&nbsp;<\/p>\n\n\n\n<p>O plano foi elaborado por&nbsp;<a href=\"https:\/\/guiame.com.br\/gospel\/israel\/eua-vao-revelar-plano-de-paz-entre-israel-e-palestinos-em-junho-apos-o-ramada.html\"><strong>Jared Kushner<\/strong><\/a>, genro de Trump e conselheiro da Casa Branca, com a colabora\u00e7\u00e3o do embaixador dos EUA em Israel, David Friedman, um defensor vocal dos assentamentos israelenses.<\/p>\n\n\n\n<p>O governo Trump conversou brevemente com os palestinos, que rejeitaram o acordo de paz antes de seu lan\u00e7amento.<\/p>\n\n\n\n<p>O acordo de paz deve favorecer fortemente Israel, de acordo com o jornal israelense Times of Israel, permitindo anexar grande parte dos assentamentos da Cisjord\u00e2nia e a soberania em Jerusal\u00e9m. No entanto, \u00e9 improv\u00e1vel que o plano tenha apoio internacional se prejudicar a perspectiva de uma solu\u00e7\u00e3o de dois estados.<\/p>\n\n\n\n<p>No Twitter, por\u00e9m, Trump fez um alerta sobre as alega\u00e7\u00f5es da imprensa: \u201cOs relat\u00f3rios sobre os detalhes e o cronograma de nosso plano de paz s\u00e3o puramente especulativos\u201d.<\/p>\n\n\n\n<p>\n\nFONTE: GUIAME, COM INFORMA\u00c7\u00d5ES DO THE GUARDIAN E TIMES OF ISRAEL\n\n<\/p>\n","protected":false},"excerpt":{"rendered":"<p>O presidente dos Estados Unidos, Donald Trump, ir\u00e1 se reunir nesta segunda-feira (27) com l\u00edderes israelenses na Casa Branca para divulgar detalhes de seu t\u00e3o esperado \u201cacordo de paz\u201d entre israelenses e palestinos. Trump se encontrar\u00e1 com o primeiro-ministro de Israel, Benjamin Netanyahu e seu advers\u00e1rio eleitoral, Benny Gantz, no Sal\u00e3o Oval para negocia\u00e7\u00f5es. Washington [&hellip;]<\/p>\n","protected":false},"author":2,"featured_media":4765,"comment_status":"open","ping_status":"open","sticky":false,"template":"","format":"standard","meta":[],"categories":[4,1],"tags":[],"_links":{"self":[{"href":"https:\/\/dgospel.com.br\/portal\/index.php\/wp-json\/wp\/v2\/posts\/4764"}],"collection":[{"href":"https:\/\/dgospel.com.br\/portal\/index.php\/wp-json\/wp\/v2\/posts"}],"about":[{"href":"https:\/\/dgospel.com.br\/portal\/index.php\/wp-json\/wp\/v2\/types\/post"}],"author":[{"embeddable":true,"href":"https:\/\/dgospel.com.br\/portal\/index.php\/wp-json\/wp\/v2\/users\/2"}],"replies":[{"embeddable":true,"href":"https:\/\/dgospel.com.br\/portal\/index.php\/wp-json\/wp\/v2\/comments?post=4764"}],"version-history":[{"count":1,"href":"https:\/\/dgospel.com.br\/portal\/index.php\/wp-json\/wp\/v2\/posts\/4764\/revisions"}],"predecessor-version":[{"id":4766,"href":"https:\/\/dgospel.com.br\/portal\/index.php\/wp-json\/wp\/v2\/posts\/4764\/revisions\/4766"}],"wp:featuredmedia":[{"embeddable":true,"href":"https:\/\/dgospel.com.br\/portal\/index.php\/wp-json\/wp\/v2\/media\/4765"}],"wp:attachment":[{"href":"https:\/\/dgospel.com.br\/portal\/index.php\/wp-json\/wp\/v2\/media?parent=4764"}],"wp:term":[{"taxonomy":"category","embeddable":true,"href":"https:\/\/dgospel.com.br\/portal\/index.php\/wp-json\/wp\/v2\/categories?post=4764"},{"taxonomy":"post_tag","embeddable":true,"href":"https:\/\/dgospel.com.br\/portal\/index.php\/wp-json\/wp\/v2\/tags?post=4764"}],"curies":[{"name":"wp","href":"https:\/\/api.w.org\/{rel}","templated":true}]}}