{"id":4770,"date":"2020-01-27T16:24:39","date_gmt":"2020-01-27T19:24:39","guid":{"rendered":"http:\/\/dgospel.com.br\/portal\/?p=4770"},"modified":"2020-01-27T16:24:40","modified_gmt":"2020-01-27T19:24:40","slug":"vice-governador-wanderlei-barbosa-visita-instalacoes-da-2a-central-de-atendimentos-da-capital","status":"publish","type":"post","link":"https:\/\/dgospel.com.br\/portal\/index.php\/2020\/01\/27\/vice-governador-wanderlei-barbosa-visita-instalacoes-da-2a-central-de-atendimentos-da-capital\/","title":{"rendered":"Vice-governador Wanderlei Barbosa visita instala\u00e7\u00f5es da 2\u00aa Central de Atendimentos da Capital"},"content":{"rendered":"\n<p>Acompanhado do secret\u00e1rio de Estado da Seguran\u00e7a P\u00fablica, Cristiano Barbosa Sampaio, o vice-governador do Estado, Wanderlei Barbosa, realizou nesta ter\u00e7a-feira, 27, uma visita \u00e0s instala\u00e7\u00f5es da 2\u00aa Central de Atendimentos da Capital (2\u00aa CAPC), localizada em Taquaralto, regi\u00e3o sul de Palmas. Com a proposta de melhorar o atendimento dos usu\u00e1rios dos servi\u00e7os da Pol\u00edcia Civil, a unidade passou por uma ampla reforma, que durou pouco mais de 30 dias, e desde a segunda-feira, 20, retomou o atendimento ao p\u00fablico.<\/p>\n\n\n\n<p>De acordo com o Vice-governador, \u00e9 uma grande satisfa\u00e7\u00e3o perceber os investimentos do Governo do Estado na melhoria dos atendimentos \u00e0 comunidade. \u201cEste \u00e9 mais um ambiente de trabalho com infraestrutura adequada. Nossa proposta \u00e9 melhorar as unidades policiais n\u00e3o s\u00f3 na Capital, mas tamb\u00e9m no interior\u201d, ressaltou Wanderlei Barbosa.<\/p>\n\n\n\n<p>Segundo o secret\u00e1rio de Estado da Seguran\u00e7a P\u00fablica, Cristiano Sampaio, as melhorias nas unidades policiais v\u00eam sendo executadas desde 2019. \u201cQueremos agradecer \u00e0 nossa equipe que tem se empenhado em promover as melhorias nesta unidade, que est\u00e1 localizada numa das regi\u00f5es mais populosas da Capital. Com isso, melhoramos as condi\u00e7\u00f5es de trabalho e o conforto aos usu\u00e1rios dos nossos servi\u00e7os\u201d, afirmou.<\/p>\n\n\n\n<p>A delegada-geral&nbsp;Raimunda Bezerra ressaltou a import\u00e2ncia da reforma, destacando que ela traz a humaniza\u00e7\u00e3o do atendimento. Na oportunidade, ela informou que as unidades instaladas no local contar\u00e3o com dispositivos audiovisuais para coleta de depoimentos.<\/p>\n\n\n\n<p><strong>Melhorias<\/strong><\/p>\n\n\n\n<p>Para o delegado plantonista T\u00falio Mota, as novas instala\u00e7\u00f5es promovem celeridade nos procedimentos policiais. \u201cA comunidade nos procura em momentos de necessidade. Ent\u00e3o nada mais correto que ser atendida em um ambiente que tenha condi\u00e7\u00f5es de conforto e seguran\u00e7a\u201d, afirmou.<\/p>\n\n\n\n<p><strong>Estrutura<\/strong><\/p>\n\n\n\n<p>O pr\u00e9dio abriga tamb\u00e9m as instala\u00e7\u00f5es da 5\u00aa Delegacia de Pol\u00edcia Civil e da 2\u00aa Delegacia de Repress\u00e3o \u00e0s Infra\u00e7\u00f5es de Menor Potencial Ofensivo (2\u00aa DEIMPO). Com exce\u00e7\u00e3o da 2\u00aa CAPC, que funciona em regime de 24 horas, os atendimentos na 5\u00aa DPC e na 2\u00aa DEIMPO ser\u00e3o realizados no hor\u00e1rio das 8 \u00e0s 18 horas.<\/p>\n","protected":false},"excerpt":{"rendered":"<p>Acompanhado do secret\u00e1rio de Estado da Seguran\u00e7a P\u00fablica, Cristiano Barbosa Sampaio, o vice-governador do Estado, Wanderlei Barbosa, realizou nesta ter\u00e7a-feira, 27, uma visita \u00e0s instala\u00e7\u00f5es da 2\u00aa Central de Atendimentos da Capital (2\u00aa CAPC), localizada em Taquaralto, regi\u00e3o sul de Palmas. Com a proposta de melhorar o atendimento dos usu\u00e1rios dos servi\u00e7os da Pol\u00edcia Civil, [&hellip;]<\/p>\n","protected":false},"author":2,"featured_media":4771,"comment_status":"open","ping_status":"open","sticky":false,"template":"","format":"standard","meta":[],"categories":[3],"tags":[],"_links":{"self":[{"href":"https:\/\/dgospel.com.br\/portal\/index.php\/wp-json\/wp\/v2\/posts\/4770"}],"collection":[{"href":"https:\/\/dgospel.com.br\/portal\/index.php\/wp-json\/wp\/v2\/posts"}],"about":[{"href":"https:\/\/dgospel.com.br\/portal\/index.php\/wp-json\/wp\/v2\/types\/post"}],"author":[{"embeddable":true,"href":"https:\/\/dgospel.com.br\/portal\/index.php\/wp-json\/wp\/v2\/users\/2"}],"replies":[{"embeddable":true,"href":"https:\/\/dgospel.com.br\/portal\/index.php\/wp-json\/wp\/v2\/comments?post=4770"}],"version-history":[{"count":1,"href":"https:\/\/dgospel.com.br\/portal\/index.php\/wp-json\/wp\/v2\/posts\/4770\/revisions"}],"predecessor-version":[{"id":4772,"href":"https:\/\/dgospel.com.br\/portal\/index.php\/wp-json\/wp\/v2\/posts\/4770\/revisions\/4772"}],"wp:featuredmedia":[{"embeddable":true,"href":"https:\/\/dgospel.com.br\/portal\/index.php\/wp-json\/wp\/v2\/media\/4771"}],"wp:attachment":[{"href":"https:\/\/dgospel.com.br\/portal\/index.php\/wp-json\/wp\/v2\/media?parent=4770"}],"wp:term":[{"taxonomy":"category","embeddable":true,"href":"https:\/\/dgospel.com.br\/portal\/index.php\/wp-json\/wp\/v2\/categories?post=4770"},{"taxonomy":"post_tag","embeddable":true,"href":"https:\/\/dgospel.com.br\/portal\/index.php\/wp-json\/wp\/v2\/tags?post=4770"}],"curies":[{"name":"wp","href":"https:\/\/api.w.org\/{rel}","templated":true}]}}