{"id":4773,"date":"2020-01-27T16:44:15","date_gmt":"2020-01-27T19:44:15","guid":{"rendered":"http:\/\/dgospel.com.br\/portal\/?p=4773"},"modified":"2020-01-27T16:45:48","modified_gmt":"2020-01-27T19:45:48","slug":"governador-carlesse-assina-decretos-que-renovam-reconhecimento-de-cursos-da-unirg","status":"publish","type":"post","link":"https:\/\/dgospel.com.br\/portal\/index.php\/2020\/01\/27\/governador-carlesse-assina-decretos-que-renovam-reconhecimento-de-cursos-da-unirg\/","title":{"rendered":"Governador Carlesse assina decretos que renovam reconhecimento de cursos da Unirg"},"content":{"rendered":"\n<p>O governador do Tocantins, Mauro Carlesse, assinou dois decretos que tratam sobre o reconhecimento dos cursos de gradua\u00e7\u00e3o em Psicologia, Pedagogia e Educa\u00e7\u00e3o F\u00edsica, ministrados pelo Centro Universit\u00e1rio Unirg. Os documentos ser\u00e3o publicados na edi\u00e7\u00e3o do Di\u00e1rio Oficial do Estado (DOE) desta segunda-feira, 27.<\/p>\n\n\n\n<p>Referente ao curso de Psicologia, o Governador renovou, pelo per\u00edodo de tr\u00eas anos, o reconhecimento da gradua\u00e7\u00e3o (Bacharelado e Licenciatura). O decreto est\u00e1 em conformidade com o Parecer 188\/2019, do Conselho Estadual de Educa\u00e7\u00e3o (CEE\/TO), e entra em vigor na data de sua publica\u00e7\u00e3o, produzindo efeitos a partir de 19 de julho de 2018.<\/p>\n\n\n\n<p>J\u00e1 os cursos de Pedagogia e Educa\u00e7\u00e3o F\u00edsica tiveram o reconhecimento das gradua\u00e7\u00f5es prorrogado pelo per\u00edodo de um ano e seis meses, para fim de diploma\u00e7\u00e3o. O decreto entra em vigor na data de sua publica\u00e7\u00e3o, produzindo efeitos a partir de 1\u00ba de janeiro de 2019 e est\u00e1 em conson\u00e2ncia com o Parecer 190\/2019, do CEE\/TO.<\/p>\n\n\n\n<p><strong>Sobre o reconhecimento<\/strong><\/p>\n\n\n\n<p>O reconhecimento de curso \u00e9 necess\u00e1rio para a expedi\u00e7\u00e3o de diploma dos estudantes. No caso da Unirg, quem reconhece os cursos \u00e9 o Conselho de Estadual de Educa\u00e7\u00e3o. No caso das universidades federais e particulares, essa responsabilidade \u00e9 do Minist\u00e9rio da Educa\u00e7\u00e3o (MEC).<\/p>\n\n\n\n<p>No reconhecimento dos cursos, o CEE\/TO avalia a carga hor\u00e1ria, as instala\u00e7\u00f5es da universidade, a estrutura da biblioteca, o corpo docente, entre outros aspectos.<\/p>\n","protected":false},"excerpt":{"rendered":"<p>O governador do Tocantins, Mauro Carlesse, assinou dois decretos que tratam sobre o reconhecimento dos cursos de gradua\u00e7\u00e3o em Psicologia, Pedagogia e Educa\u00e7\u00e3o F\u00edsica, ministrados pelo Centro Universit\u00e1rio Unirg. Os documentos ser\u00e3o publicados na edi\u00e7\u00e3o do Di\u00e1rio Oficial do Estado (DOE) desta segunda-feira, 27. Referente ao curso de Psicologia, o Governador renovou, pelo per\u00edodo de [&hellip;]<\/p>\n","protected":false},"author":2,"featured_media":4774,"comment_status":"open","ping_status":"open","sticky":false,"template":"","format":"standard","meta":[],"categories":[4,1],"tags":[],"_links":{"self":[{"href":"https:\/\/dgospel.com.br\/portal\/index.php\/wp-json\/wp\/v2\/posts\/4773"}],"collection":[{"href":"https:\/\/dgospel.com.br\/portal\/index.php\/wp-json\/wp\/v2\/posts"}],"about":[{"href":"https:\/\/dgospel.com.br\/portal\/index.php\/wp-json\/wp\/v2\/types\/post"}],"author":[{"embeddable":true,"href":"https:\/\/dgospel.com.br\/portal\/index.php\/wp-json\/wp\/v2\/users\/2"}],"replies":[{"embeddable":true,"href":"https:\/\/dgospel.com.br\/portal\/index.php\/wp-json\/wp\/v2\/comments?post=4773"}],"version-history":[{"count":1,"href":"https:\/\/dgospel.com.br\/portal\/index.php\/wp-json\/wp\/v2\/posts\/4773\/revisions"}],"predecessor-version":[{"id":4775,"href":"https:\/\/dgospel.com.br\/portal\/index.php\/wp-json\/wp\/v2\/posts\/4773\/revisions\/4775"}],"wp:featuredmedia":[{"embeddable":true,"href":"https:\/\/dgospel.com.br\/portal\/index.php\/wp-json\/wp\/v2\/media\/4774"}],"wp:attachment":[{"href":"https:\/\/dgospel.com.br\/portal\/index.php\/wp-json\/wp\/v2\/media?parent=4773"}],"wp:term":[{"taxonomy":"category","embeddable":true,"href":"https:\/\/dgospel.com.br\/portal\/index.php\/wp-json\/wp\/v2\/categories?post=4773"},{"taxonomy":"post_tag","embeddable":true,"href":"https:\/\/dgospel.com.br\/portal\/index.php\/wp-json\/wp\/v2\/tags?post=4773"}],"curies":[{"name":"wp","href":"https:\/\/api.w.org\/{rel}","templated":true}]}}