{"id":4779,"date":"2020-01-29T09:32:21","date_gmt":"2020-01-29T12:32:21","guid":{"rendered":"http:\/\/dgospel.com.br\/portal\/?p=4779"},"modified":"2020-01-29T09:32:23","modified_gmt":"2020-01-29T12:32:23","slug":"edital-do-concurso-para-guarda-metropolitana-sera-lancado-em-marco","status":"publish","type":"post","link":"https:\/\/dgospel.com.br\/portal\/index.php\/2020\/01\/29\/edital-do-concurso-para-guarda-metropolitana-sera-lancado-em-marco\/","title":{"rendered":"Edital do concurso para Guarda Metropolitana ser\u00e1 lan\u00e7ado em mar\u00e7o"},"content":{"rendered":"\n<p>A prefeita Cinthia Ribeiro firmou a assinatura de contrato e confirmou a realiza\u00e7\u00e3o do esperado concurso da Guarda Metropolitana de Palmas (GMP), na tarde desta ter\u00e7a-feira, 28, durante entrevista coletiva em seu gabinete. Ser\u00e3o ofertadas 50 vagas mais cadastro de reserva. O edital com o cronograma das etapas do concurso deve ser divulgado nas pr\u00f3ximas semanas.<br><\/p>\n\n\n\n<p>\u201cEsse \u00e9 um momento muito aguardado por todos, e o nosso desejo era que o n\u00famero de vagas fosse superior ao que ofertamos, mas vamos continuar trabalhando para fortalecer essa institui\u00e7\u00e3o que tem quase 27 anos de servi\u00e7os prestados a comunidade. E o edital ser\u00e1 divulgado na primeira semana do m\u00eas de mar\u00e7o,\u201d&nbsp; garantiu a prefeita.<\/p>\n\n\n\n<p>Podem se candidatar \u00e0s vagas homens e mulheres com ensino m\u00e9dio completo e idades entre 18 e 45 anos. O certame ser\u00e1 composto pelas etapas de prova objetiva, exame f\u00edsico, avalia\u00e7\u00e3o psicol\u00f3gica, avalia\u00e7\u00e3o m\u00e9dica, idoneidade moral, al\u00e9m do curso de forma\u00e7\u00e3o com carga hor\u00e1ria de prevista de 728 horas\/aula.<\/p>\n\n\n\n<p>A Funda\u00e7\u00e3o para Vestibular da Universidade Estadual Paulista (Vunesp) que h\u00e1 mais de quarenta anos est\u00e1 no mercado ficar\u00e1 respons\u00e1vel pela realiza\u00e7\u00e3o das provas e as demais fases da sele\u00e7\u00e3o.<\/p>\n\n\n\n<p>Para a superintendente da GMP, Leticia&nbsp; Bordin, s\u00e3o dezoito anos sem concursos. \u201cE o nosso efetivo precisa&nbsp; dessa renova\u00e7\u00e3o para continuarmos escrevendo essa hist\u00f3ria com muito trabalho para garantir a seguran\u00e7a da nossa popula\u00e7\u00e3o\u201d, lembrou.<\/p>\n\n\n\n<p>Al\u00e9m da prefeita e a superintende da GMP, participaram da assinatura do contrato a presidente do Instituto 20 de Maio de Ensino, Ci\u00eancia e Tecnologia (IVM), Val\u00e9ria Albino e o titular da Secretaria de Seguran\u00e7a e Mobilidade Urbana (Sesmu), Durval Ribeiro Silva.&nbsp;<\/p>\n","protected":false},"excerpt":{"rendered":"<p>A prefeita Cinthia Ribeiro firmou a assinatura de contrato e confirmou a realiza\u00e7\u00e3o do esperado concurso da Guarda Metropolitana de Palmas (GMP), na tarde desta ter\u00e7a-feira, 28, durante entrevista coletiva em seu gabinete. Ser\u00e3o ofertadas 50 vagas mais cadastro de reserva. O edital com o cronograma das etapas do concurso deve ser divulgado nas pr\u00f3ximas [&hellip;]<\/p>\n","protected":false},"author":2,"featured_media":4780,"comment_status":"open","ping_status":"open","sticky":false,"template":"","format":"standard","meta":[],"categories":[3],"tags":[],"_links":{"self":[{"href":"https:\/\/dgospel.com.br\/portal\/index.php\/wp-json\/wp\/v2\/posts\/4779"}],"collection":[{"href":"https:\/\/dgospel.com.br\/portal\/index.php\/wp-json\/wp\/v2\/posts"}],"about":[{"href":"https:\/\/dgospel.com.br\/portal\/index.php\/wp-json\/wp\/v2\/types\/post"}],"author":[{"embeddable":true,"href":"https:\/\/dgospel.com.br\/portal\/index.php\/wp-json\/wp\/v2\/users\/2"}],"replies":[{"embeddable":true,"href":"https:\/\/dgospel.com.br\/portal\/index.php\/wp-json\/wp\/v2\/comments?post=4779"}],"version-history":[{"count":1,"href":"https:\/\/dgospel.com.br\/portal\/index.php\/wp-json\/wp\/v2\/posts\/4779\/revisions"}],"predecessor-version":[{"id":4781,"href":"https:\/\/dgospel.com.br\/portal\/index.php\/wp-json\/wp\/v2\/posts\/4779\/revisions\/4781"}],"wp:featuredmedia":[{"embeddable":true,"href":"https:\/\/dgospel.com.br\/portal\/index.php\/wp-json\/wp\/v2\/media\/4780"}],"wp:attachment":[{"href":"https:\/\/dgospel.com.br\/portal\/index.php\/wp-json\/wp\/v2\/media?parent=4779"}],"wp:term":[{"taxonomy":"category","embeddable":true,"href":"https:\/\/dgospel.com.br\/portal\/index.php\/wp-json\/wp\/v2\/categories?post=4779"},{"taxonomy":"post_tag","embeddable":true,"href":"https:\/\/dgospel.com.br\/portal\/index.php\/wp-json\/wp\/v2\/tags?post=4779"}],"curies":[{"name":"wp","href":"https:\/\/api.w.org\/{rel}","templated":true}]}}