{"id":4782,"date":"2020-01-29T09:36:25","date_gmt":"2020-01-29T12:36:25","guid":{"rendered":"http:\/\/dgospel.com.br\/portal\/?p=4782"},"modified":"2020-01-29T09:36:27","modified_gmt":"2020-01-29T12:36:27","slug":"prefeitura-de-palmas-divulga-atracoes-do-capital-da-fe-2020","status":"publish","type":"post","link":"https:\/\/dgospel.com.br\/portal\/index.php\/2020\/01\/29\/prefeitura-de-palmas-divulga-atracoes-do-capital-da-fe-2020\/","title":{"rendered":"Prefeitura de Palmas divulga atra\u00e7\u00f5es do Capital da F\u00e9 2020"},"content":{"rendered":"\n<p>Grande nomes da m\u00fasica crist\u00e3 brasileira j\u00e1 est\u00e3o confirmados para o Capital da F\u00e9 2020. A sexta edi\u00e7\u00e3o do grande festival de m\u00fasica crist\u00e3 j\u00e1 confirmou a apresenta\u00e7\u00e3o de Fernandinho, Rosa de Saron, Gabriela Rocha, Cassiane, Leandro Borges, Isadora Pompeo, entre outras atra\u00e7\u00f5es do segmento.&nbsp;&nbsp;O festival ter\u00e1 estrutura coberta ampliada, vigilh\u00e3o, espa\u00e7o kids e parque de divers\u00f5es.<br><\/p>\n\n\n\n<p>No entanto, o 6\u00ba Capital da F\u00e9&nbsp; n\u00e3o ser\u00e1 a \u00fanica programa\u00e7\u00e3o em Palmas no Carnaval. Tr\u00eas outras grandes festas acontecer\u00e3o paralelamente para ampliar o leque de atra\u00e7\u00f5es para os palmenses e turistas. A novidade foi anunciada pela prefeita Cinthia Ribeiro nesta ter\u00e7a-feira, 28, em entrevista coletiva em seu gabinete.<\/p>\n\n\n\n<p>A Praia da Graciosa receber\u00e1 o Carnaval do Amor. A festa ser\u00e1 promovida pela C\u00e2mara de Dirigentes Lojistas (CDL), Federa\u00e7\u00e3o das Associa\u00e7\u00f5es Comerciais e Empresariais do Estado de Tocantins (Faciet), Hospital do Amor e Associa\u00e7\u00e3o Brasileira de Bares e Restaurantes (Abrasel) no Tocantins com apoio da Prefeitura de Palmas. L\u00e1, j\u00e1 est\u00e3o confirmadas presen\u00e7as de&nbsp; F\u00e1bio Papazzoni (ax\u00e9), Os Bar\u00f5es da Pisadinha (forr\u00f3 e tecnobrega) e a saudosa banda Balagandaya para comemora\u00e7\u00e3o de seus 15 anos.<\/p>\n\n\n\n<p>A programa\u00e7\u00e3o do Carnaval do Amor ser\u00e1 organizada, com apoio da C\u00e2mara de Vereadores, com ades\u00e3o de blocos carnavalescos que ir\u00e3o aderir a chamamento p\u00fablico que ser\u00e1 lan\u00e7ado na pr\u00f3xima quinta-feira, 30, na Funda\u00e7\u00e3o Cultural de Palmas (FCP). Toda a renda levantada no bar do hospital ser\u00e1 revertida em donativos para a constru\u00e7\u00e3o do Hospital do Amor.<\/p>\n\n\n\n<p><strong>Arnos e Taquaru\u00e7u<\/strong><\/p>\n\n\n\n<p>Tamb\u00e9m com apoio da Prefeitura e C\u00e2mara de Vereadores, haver\u00e1 programa\u00e7\u00e3o de Carnaval na Praia das Arnos, com promo\u00e7\u00e3o da Associa\u00e7\u00e3o de Quiosqueiros da Praia das Arnos.<\/p>\n\n\n\n<p>Em Taquaru\u00e7u, a programa\u00e7\u00e3o e estrutura tamb\u00e9m ser\u00e1 apoiada pela Prefeitura. Tudo l\u00e1 est\u00e1 sendo pensado de forma a oferecer desde matin\u00eas at\u00e9 atividades art\u00edsticas populares e programa\u00e7\u00e3o musical alternativa para as fam\u00edlias palmenses. Est\u00e3o confirmados o Circo Os Kako e o Canto das Artes. Campanhas de preven\u00e7\u00e3o \u00e0s drogas, dedicadas \u00e0 educa\u00e7\u00e3o ambiental e preven\u00e7\u00e3o da depress\u00e3o juvenil j\u00e1 foram anunciadas.<\/p>\n\n\n\n<p>As atra\u00e7\u00f5es destas das festas nas Arnos e em Taquaru\u00e7u ser\u00e3o confirmadas em breve, bem como outras atra\u00e7\u00f5es que est\u00e3o em negocia\u00e7\u00f5es finais para o Carnaval do Amor e 6\u00ba Capital da F\u00e9: A Favor da Vida.<\/p>\n\n\n\n<p>\u201cPalmas ter\u00e1 uma festa completa, com uma larga programa\u00e7\u00e3o. Muita coisa boa ainda est\u00e1 por ser confirmada. J\u00e1 adiantamos que o Capital da F\u00e9, que \u00e9 uma festa institucionalizada como pol\u00edtica p\u00fablica, ter\u00e1 continuidade para seu p\u00fablico cativo. No entanto, teremos mais festas que trar\u00e3o muita op\u00e7\u00e3o para as fam\u00edlias de Palmas, a exemplo dos blocos carnavalescos hist\u00f3ricos de Palmas e concurso de fantasias. Ser\u00e1 um resgate de algo que era demanda da popula\u00e7\u00e3o, assim como Taquaru\u00e7u tamb\u00e9m\u201d, disse a prefeita.<\/p>\n\n\n\n<p>Cinthia Ribeiro ainda adiantou que as festas de promo\u00e7\u00e3o de parceiros receber\u00e3o todo suporte necess\u00e1rio para recep\u00e7\u00e3o dos foli\u00f5es. \u201cA Prefeitura dar\u00e1 total suporte necess\u00e1rios, incluindo infraestrutura, limpeza p\u00fablica, seguran\u00e7a, mobilidade, tr\u00e2nsito, Servi\u00e7o de Atendimento M\u00f3vel de Urg\u00eancia (Samu) estar\u00e3o presentes\u201d.<\/p>\n\n\n\n<p><strong>Confira abaixo as atra\u00e7\u00f5es j\u00e1 confirmadas para o Capital da F\u00e9:<\/strong><\/p>\n\n\n\n<p><strong>Sexta-feira (21\/02)<\/strong><\/p>\n\n\n\n<p>Fernandinho<\/p>\n\n\n\n<p>DJ PV<\/p>\n\n\n\n<p><strong>S\u00e1bado (22\/02)<\/strong><\/p>\n\n\n\n<p>Gabriela Rocha<\/p>\n\n\n\n<p>Diego Fernandes<\/p>\n\n\n\n<p><strong>Domingo (23\/02)<\/strong><\/p>\n\n\n\n<p>Leandro Borges<\/p>\n\n\n\n<p>Sarah Faria<\/p>\n\n\n\n<p>Casa Worship<\/p>\n\n\n\n<p><strong>Segunda-feira (24\/02)<\/strong><\/p>\n\n\n\n<p>Rosa de Saron<\/p>\n\n\n\n<p>Adriana Arydes<\/p>\n\n\n\n<p><strong>Ter\u00e7a-feira (25\/02)<\/strong><\/p>\n\n\n\n<p>Isadora Pompeo<\/p>\n\n\n\n<p>Sandro Nazireu<\/p>\n\n\n\n<p>Cassiane<\/p>\n","protected":false},"excerpt":{"rendered":"<p>Grande nomes da m\u00fasica crist\u00e3 brasileira j\u00e1 est\u00e3o confirmados para o Capital da F\u00e9 2020. A sexta edi\u00e7\u00e3o do grande festival de m\u00fasica crist\u00e3 j\u00e1 confirmou a apresenta\u00e7\u00e3o de Fernandinho, Rosa de Saron, Gabriela Rocha, Cassiane, Leandro Borges, Isadora Pompeo, entre outras atra\u00e7\u00f5es do segmento.&nbsp;&nbsp;O festival ter\u00e1 estrutura coberta ampliada, vigilh\u00e3o, espa\u00e7o kids e parque [&hellip;]<\/p>\n","protected":false},"author":2,"featured_media":4783,"comment_status":"open","ping_status":"open","sticky":false,"template":"","format":"standard","meta":[],"categories":[3,5],"tags":[],"_links":{"self":[{"href":"https:\/\/dgospel.com.br\/portal\/index.php\/wp-json\/wp\/v2\/posts\/4782"}],"collection":[{"href":"https:\/\/dgospel.com.br\/portal\/index.php\/wp-json\/wp\/v2\/posts"}],"about":[{"href":"https:\/\/dgospel.com.br\/portal\/index.php\/wp-json\/wp\/v2\/types\/post"}],"author":[{"embeddable":true,"href":"https:\/\/dgospel.com.br\/portal\/index.php\/wp-json\/wp\/v2\/users\/2"}],"replies":[{"embeddable":true,"href":"https:\/\/dgospel.com.br\/portal\/index.php\/wp-json\/wp\/v2\/comments?post=4782"}],"version-history":[{"count":1,"href":"https:\/\/dgospel.com.br\/portal\/index.php\/wp-json\/wp\/v2\/posts\/4782\/revisions"}],"predecessor-version":[{"id":4784,"href":"https:\/\/dgospel.com.br\/portal\/index.php\/wp-json\/wp\/v2\/posts\/4782\/revisions\/4784"}],"wp:featuredmedia":[{"embeddable":true,"href":"https:\/\/dgospel.com.br\/portal\/index.php\/wp-json\/wp\/v2\/media\/4783"}],"wp:attachment":[{"href":"https:\/\/dgospel.com.br\/portal\/index.php\/wp-json\/wp\/v2\/media?parent=4782"}],"wp:term":[{"taxonomy":"category","embeddable":true,"href":"https:\/\/dgospel.com.br\/portal\/index.php\/wp-json\/wp\/v2\/categories?post=4782"},{"taxonomy":"post_tag","embeddable":true,"href":"https:\/\/dgospel.com.br\/portal\/index.php\/wp-json\/wp\/v2\/tags?post=4782"}],"curies":[{"name":"wp","href":"https:\/\/api.w.org\/{rel}","templated":true}]}}