{"id":4788,"date":"2020-01-29T16:29:29","date_gmt":"2020-01-29T19:29:29","guid":{"rendered":"http:\/\/dgospel.com.br\/portal\/?p=4788"},"modified":"2020-01-29T16:29:30","modified_gmt":"2020-01-29T19:29:30","slug":"sessao-especial-dara-inicio-aos-trabalhos-legislativos-de-2020","status":"publish","type":"post","link":"https:\/\/dgospel.com.br\/portal\/index.php\/2020\/01\/29\/sessao-especial-dara-inicio-aos-trabalhos-legislativos-de-2020\/","title":{"rendered":"Sess\u00e3o Especial dar\u00e1 in\u00edcio aos trabalhos legislativos de 2020"},"content":{"rendered":"\n<p>A Assembleia Legislativa do Estado do Tocantins realizar\u00e1 na pr\u00f3xima ter\u00e7a-feira, 4 de fevereiro, excepcionalmente \u00e0s 9h, no plen\u00e1rio Ant\u00f4nio Pesconi, a Sess\u00e3o Especial que marcar\u00e1 o in\u00edcio dos trabalhos da 2\u00aa Sess\u00e3o Legislativa da 9\u00aa Legislatura (bi\u00eanio 1\u00ba\/2\/2019 a 31\/1\/2021).<br><\/p>\n\n\n\n<p>A primeira sess\u00e3o legislativa, ap\u00f3s o t\u00e9rmino do recesso parlamentar de janeiro de 2020, dever\u00e1 contar com a presen\u00e7a de deputados, servidores, autoridades convidadas e p\u00fablico em geral.<\/p>\n\n\n\n<p>O trabalho do ano passado foi satisfat\u00f3rio conforme avalia\u00e7\u00e3o do presidente da Casa, o deputado Antonio Andrade (PTB). Ele destaca a aprova\u00e7\u00e3o de v\u00e1rias mat\u00e9rias de autoria dos parlamentares, do Executivo e demais poderes, que realizaram esfor\u00e7o conjunto em prol do desenvolvimento do Estado.<\/p>\n\n\n\n<p>A meta para este ano, segundo Andrade, \u00e9 garantir mais agilidade nos trabalhos de aprecia\u00e7\u00e3o dos projetos nas Comiss\u00f5es, na vota\u00e7\u00e3o em Plen\u00e1rio, de modo a otimizar todo o tr\u00e2mite legislativo.&nbsp;&nbsp;<\/p>\n","protected":false},"excerpt":{"rendered":"<p>A Assembleia Legislativa do Estado do Tocantins realizar\u00e1 na pr\u00f3xima ter\u00e7a-feira, 4 de fevereiro, excepcionalmente \u00e0s 9h, no plen\u00e1rio Ant\u00f4nio Pesconi, a Sess\u00e3o Especial que marcar\u00e1 o in\u00edcio dos trabalhos da 2\u00aa Sess\u00e3o Legislativa da 9\u00aa Legislatura (bi\u00eanio 1\u00ba\/2\/2019 a 31\/1\/2021). A primeira sess\u00e3o legislativa, ap\u00f3s o t\u00e9rmino do recesso parlamentar de janeiro de 2020, [&hellip;]<\/p>\n","protected":false},"author":2,"featured_media":4789,"comment_status":"open","ping_status":"open","sticky":false,"template":"","format":"standard","meta":[],"categories":[8],"tags":[],"_links":{"self":[{"href":"https:\/\/dgospel.com.br\/portal\/index.php\/wp-json\/wp\/v2\/posts\/4788"}],"collection":[{"href":"https:\/\/dgospel.com.br\/portal\/index.php\/wp-json\/wp\/v2\/posts"}],"about":[{"href":"https:\/\/dgospel.com.br\/portal\/index.php\/wp-json\/wp\/v2\/types\/post"}],"author":[{"embeddable":true,"href":"https:\/\/dgospel.com.br\/portal\/index.php\/wp-json\/wp\/v2\/users\/2"}],"replies":[{"embeddable":true,"href":"https:\/\/dgospel.com.br\/portal\/index.php\/wp-json\/wp\/v2\/comments?post=4788"}],"version-history":[{"count":1,"href":"https:\/\/dgospel.com.br\/portal\/index.php\/wp-json\/wp\/v2\/posts\/4788\/revisions"}],"predecessor-version":[{"id":4790,"href":"https:\/\/dgospel.com.br\/portal\/index.php\/wp-json\/wp\/v2\/posts\/4788\/revisions\/4790"}],"wp:featuredmedia":[{"embeddable":true,"href":"https:\/\/dgospel.com.br\/portal\/index.php\/wp-json\/wp\/v2\/media\/4789"}],"wp:attachment":[{"href":"https:\/\/dgospel.com.br\/portal\/index.php\/wp-json\/wp\/v2\/media?parent=4788"}],"wp:term":[{"taxonomy":"category","embeddable":true,"href":"https:\/\/dgospel.com.br\/portal\/index.php\/wp-json\/wp\/v2\/categories?post=4788"},{"taxonomy":"post_tag","embeddable":true,"href":"https:\/\/dgospel.com.br\/portal\/index.php\/wp-json\/wp\/v2\/tags?post=4788"}],"curies":[{"name":"wp","href":"https:\/\/api.w.org\/{rel}","templated":true}]}}