{"id":4800,"date":"2020-01-29T17:04:00","date_gmt":"2020-01-29T20:04:00","guid":{"rendered":"http:\/\/dgospel.com.br\/portal\/?p=4800"},"modified":"2020-01-29T17:04:02","modified_gmt":"2020-01-29T20:04:02","slug":"travesti-admite-em-palestra-que-objetivo-do-movimento-lgbt-e-destruir-a-familia","status":"publish","type":"post","link":"https:\/\/dgospel.com.br\/portal\/index.php\/2020\/01\/29\/travesti-admite-em-palestra-que-objetivo-do-movimento-lgbt-e-destruir-a-familia\/","title":{"rendered":"Travesti admite em palestra que objetivo do movimento LGBT \u00e9 \u201cdestruir a fam\u00edlia\u201d"},"content":{"rendered":"\n<p>A radicaliza\u00e7\u00e3o do discurso do movimento LGBT \u00e9 uma das propostas de um travesti que milita nessa \u00e1rea e acredita que essa mudan\u00e7a se faz necess\u00e1ria para que o objetivo de destruir a fam\u00edlia enquanto conceito seja alcan\u00e7ado. As declara\u00e7\u00f5es foram feitas por Vitor Zaparoli Borgheresi durante um evento ligado \u00e0 ideologia de esquerda.<\/p>\n\n\n\n<p>Durante o evento \u201cDemocracia em Colapso?\u201d, o travesti \u2013 que usa o nome social de Amanda Palha \u2013 declara que o movimento LGBT precisa parar de fingir que n\u00e3o se op\u00f5e \u00e0s fam\u00edlias tradicionais e admitir que seu foco \u00e9 a destrui\u00e7\u00e3o desse modelo.<\/p>\n\n\n\n<p>\u201cNa minha concep\u00e7\u00e3o, n\u00e3o existe forma revolucion\u00e1ria de fazer fam\u00edlia. Por qu\u00ea? [\u2026] Quando dizem para a gente \u2018o movimento LGBT quer acabar com a fam\u00edlia, \u00e9 um movimento prom\u00edscuo que defende o sexo desregrado\u2019, a gente entrou numa&nbsp;<em>lombra<\/em>&nbsp;(sic) dos [anos] 90 para c\u00e1 de se colocar numa posi\u00e7\u00e3o defensiva de dizer \u2018n\u00e3o, n\u00e3o, a gente n\u00e3o quer destruir a fam\u00edlia nenhuma, n\u00e3o\u2019, \u2018a gente s\u00f3 quer amar\u2019, ou \u2018n\u00e3o, n\u00e3o, a gente n\u00e3o tem nada a ver com promiscuidade, n\u00e3o, a gente at\u00e9 casa, tem filhos, constitui fam\u00edlia\u2019, e isso \u00e9 de um retrocesso pol\u00edtico violento\u201d, declarou.<\/p>\n\n\n\n<p>Para Borgheresi, n\u00e3o admitir o objetivo real do movimento \u201cviolenta inclusive a hist\u00f3ria de constitui\u00e7\u00e3o do movimento LGBT na Am\u00e9rica Latina, dos ganhos e lutas feministas na Am\u00e9rica Latina\u201d.AN\u00daNCIO<\/p>\n\n\n\n\n\n<p>\u201cEnt\u00e3o, cabe a radicaliza\u00e7\u00e3o nossa, tamb\u00e9m, de afirmar com todas as letras o que \u00e9 uma estrat\u00e9gia pol\u00edtica cr\u00edtica anti sist\u00eamica: \u2018Ah, porque voc\u00eas querem destruir a fam\u00edlia\u2019. Sim.\u201d, afirmou o militante LGBT.<\/p>\n\n\n\n<p>O n\u00edvel de milit\u00e2ncia de Vitor Zaparoli Borgheresi \u00e9 alt\u00edssimo, com atua\u00e7\u00e3o nas universidades, produ\u00e7\u00e3o de manifestos pol\u00edticos comunistas, como o&nbsp;<em>Marxismo e Lutas LGBT<\/em>, publicado na edi\u00e7\u00e3o 33 da revista&nbsp;<em>Margem Esquerda<\/em>, e at\u00e9 candidatura a deputado federal em 2018 pelo PCB.<\/p>\n\n\n\n<p>Para o travesti, \u00e9 hora do movimento LGBT assumir o que&nbsp;<a href=\"https:\/\/noticias.gospelmais.com.br\/tag\/conservadorismo\"><strong>os conservadores alertam<\/strong><\/a>&nbsp;sobre sua atua\u00e7\u00e3o: \u201cSe a gente n\u00e3o \u00e9 capaz de perceber isso, a direita faz quest\u00e3o de corrigir nossa burrice, porque eles falam isso para a gente. Se a gente quer ser amea\u00e7a, est\u00e1 todo o caminho tra\u00e7ado, \u00e9 ali que a gente tem que mexer e \u00e9 ali que a gente vai mexer\u201d, acrescentou.<\/p>\n\n\n\n<p>No\u00a0<a rel=\"noreferrer noopener\" target=\"_blank\" href=\"https:\/\/twitter.com\/PastorMalafaia\/status\/1221946186296438785?ref_src=twsrc%5Etfw%7Ctwcamp%5Etweetembed%7Ctwterm%5E1221946186296438785&amp;ref_url=https%3A%2F%2Frevistaforum.com.br%2Fpolitica%2Fmalafaia-posta-video-editado-e-diz-que-foi-execrado-por-mostrar-a-verdade%2F\">Twitter<\/a>, o pastor Silas Malafaia publicou trechos do discurso e fez observa\u00e7\u00f5es: \u201cFui criticado, esculhambado, escorra\u00e7ado por denunciar a verdade. E agora? Onde est\u00e3o os meus acusadores?\u201d, questionou.<\/p>\n\n\n\n<p>A refer\u00eancia do travesti sobre os alertas feitos pelo conservadorismo se referem n\u00e3o apenas \u00e0s manifesta\u00e7\u00f5es como as do pastor Silas Malafaia, mas tamb\u00e9m de lideran\u00e7as como o procurador Guilherme Schelb, uma das vozes de combate a temas como a ideologia de g\u00eanero.<\/p>\n\n\n\n<p>Em 2015, em entrevista ao programa&nbsp;<em>Fam\u00edlia &amp; Cia<\/em>, Schelb declarou que o governo da \u00e9poca, liderado por Dilma Rousseff (PT), havia aberto espa\u00e7o para discuss\u00e3o de temas como \u201co direito ao prazer sexual das crian\u00e7as\u201d, com foco na destrui\u00e7\u00e3o do modelo familiar.<\/p>\n\n\n\n<p>\u201cO que eles querem \u00e9 exatamente esta ruptura entre o sexo biol\u00f3gico das crian\u00e7as e o seu comportamento sexual. Isto faz parte, n\u00e3o somente do Partido dos Trabalhadores, mas tamb\u00e9m de uma l\u00f3gica marxista socialista cultural\u201d, destacou.<\/p>\n\n\n\n<p>Fonte: gospelmais<\/p>\n\n\n\n<figure class=\"wp-block-embed\"><div class=\"wp-block-embed__wrapper\">\n<iframe loading=\"lazy\" title=\"EDELY T\u00c1PIA ENTREVISTA - GUILHERME SCHELB\" width=\"630\" height=\"354\" src=\"https:\/\/www.youtube.com\/embed\/oUvgS0D6zOo?feature=oembed\" frameborder=\"0\" allow=\"accelerometer; autoplay; encrypted-media; gyroscope; picture-in-picture\" allowfullscreen><\/iframe>\n<\/div><\/figure>\n","protected":false},"excerpt":{"rendered":"<p>A radicaliza\u00e7\u00e3o do discurso do movimento LGBT \u00e9 uma das propostas de um travesti que milita nessa \u00e1rea e acredita que essa mudan\u00e7a se faz necess\u00e1ria para que o objetivo de destruir a fam\u00edlia enquanto conceito seja alcan\u00e7ado. As declara\u00e7\u00f5es foram feitas por Vitor Zaparoli Borgheresi durante um evento ligado \u00e0 ideologia de esquerda. Durante [&hellip;]<\/p>\n","protected":false},"author":2,"featured_media":4801,"comment_status":"open","ping_status":"open","sticky":false,"template":"","format":"standard","meta":[],"categories":[6],"tags":[],"_links":{"self":[{"href":"https:\/\/dgospel.com.br\/portal\/index.php\/wp-json\/wp\/v2\/posts\/4800"}],"collection":[{"href":"https:\/\/dgospel.com.br\/portal\/index.php\/wp-json\/wp\/v2\/posts"}],"about":[{"href":"https:\/\/dgospel.com.br\/portal\/index.php\/wp-json\/wp\/v2\/types\/post"}],"author":[{"embeddable":true,"href":"https:\/\/dgospel.com.br\/portal\/index.php\/wp-json\/wp\/v2\/users\/2"}],"replies":[{"embeddable":true,"href":"https:\/\/dgospel.com.br\/portal\/index.php\/wp-json\/wp\/v2\/comments?post=4800"}],"version-history":[{"count":1,"href":"https:\/\/dgospel.com.br\/portal\/index.php\/wp-json\/wp\/v2\/posts\/4800\/revisions"}],"predecessor-version":[{"id":4802,"href":"https:\/\/dgospel.com.br\/portal\/index.php\/wp-json\/wp\/v2\/posts\/4800\/revisions\/4802"}],"wp:featuredmedia":[{"embeddable":true,"href":"https:\/\/dgospel.com.br\/portal\/index.php\/wp-json\/wp\/v2\/media\/4801"}],"wp:attachment":[{"href":"https:\/\/dgospel.com.br\/portal\/index.php\/wp-json\/wp\/v2\/media?parent=4800"}],"wp:term":[{"taxonomy":"category","embeddable":true,"href":"https:\/\/dgospel.com.br\/portal\/index.php\/wp-json\/wp\/v2\/categories?post=4800"},{"taxonomy":"post_tag","embeddable":true,"href":"https:\/\/dgospel.com.br\/portal\/index.php\/wp-json\/wp\/v2\/tags?post=4800"}],"curies":[{"name":"wp","href":"https:\/\/api.w.org\/{rel}","templated":true}]}}