{"id":4803,"date":"2020-01-29T17:08:06","date_gmt":"2020-01-29T20:08:06","guid":{"rendered":"http:\/\/dgospel.com.br\/portal\/?p=4803"},"modified":"2020-01-29T17:08:08","modified_gmt":"2020-01-29T20:08:08","slug":"lula-equipara-estado-a-deus-e-diz-que-pt-precisa-conviver-com-evangelicos","status":"publish","type":"post","link":"https:\/\/dgospel.com.br\/portal\/index.php\/2020\/01\/29\/lula-equipara-estado-a-deus-e-diz-que-pt-precisa-conviver-com-evangelicos\/","title":{"rendered":"Lula equipara Estado a Deus e diz que PT precisa \u201cconviver\u201d com evang\u00e9licos"},"content":{"rendered":"\n<p>Lula segue sua cantilena de reaproxima\u00e7\u00e3o com os evang\u00e9licos, repetindo \u00e0 exaust\u00e3o que o PT deve entender a forma de pensar do p\u00fablico desse segmento para retornar ao poder. Em suas entrevistas, o ex-presidente deixa transparecer, tamb\u00e9m, que equipara Deus ao Estado, um racioc\u00ednio t\u00edpico de lideran\u00e7as comunistas.<\/p>\n\n\n\n<p>A temporada de 580 dias na cadeia ap\u00f3s condena\u00e7\u00e3o em segunda inst\u00e2ncia por corrup\u00e7\u00e3o e lavagem de dinheiro \u2013 senten\u00e7a confirmada posteriormente em terceira inst\u00e2ncia \u2013 permitiu a Lula\u00a0<a href=\"https:\/\/noticias.gospelmais.com.br\/preso-lula-farto-programas-evangelicos-na-tv-97744.html\"><strong>assistir muitos programas evang\u00e9licos<\/strong><\/a>\u00a0na TV, e o petista disse que aprendeu muito sobre a forma como os pastores, em especial os neopentecostais, se comunicam com o povo.<\/p>\n\n\n\n<p>\u201cO que o PT tem que entender \u00e9 que essas pessoas [evang\u00e9licos] est\u00e3o na periferia, oferecendo \u00e0s pessoas pobres uma sa\u00edda espiritual. As pessoas est\u00e3o ilhadas na periferia, sem receber a figura do Estado. E recebem quem? De um lado, o traficante. De outro lado, a Igreja Evang\u00e9lica, a Igreja Cat\u00f3lica\u201d, afirmou Lula ao&nbsp;<a target=\"_blank\" href=\"https:\/\/noticias.uol.com.br\/politica\/ultimas-noticias\/2020\/01\/26\/lula-pt-deve-entender-evangelico-e-periferia-presa-entre-igreja-e-trafico.htm\" rel=\"noreferrer noopener\"><em>Uol<\/em><\/a>, transparecendo a equival\u00eancia que faz entre Deus e o Estado.<\/p>\n\n\n\n<p>Segundo o l\u00edder petista, \u00e9 hora do partido mudar de postura em rela\u00e7\u00e3o aos evang\u00e9licos, para reconquistar os votos: \u201cEles est\u00e3o entrando na periferia, porque o povo, quando est\u00e1 desempregado e necessitado, a f\u00e9 dele aumenta. Essa f\u00e9, do povo brasileiro, \u00e9 muito grande e n\u00f3s temos que respeitar. E ao inv\u00e9s de sermos do contra, temos que saber como \u00e9 que a gente lida com esse novo modo de pensar do povo brasileiro. Inclusive de pensar a religi\u00e3o\u201d, declarou.<\/p>\n\n\n\n<p>Antes dessa entrevista de Lula, o PT havia divulgado uma carta aberta em que declara sua inten\u00e7\u00e3o de \u201censinar\u201d ao povo evang\u00e9lico como deve \u201c<a href=\"https:\/\/noticias.gospelmais.com.br\/pt-ensinar-evangelicos-ler-e-interpretar-biblia-129888.html\"><strong>ler e interpretar a B\u00edblia<\/strong><\/a>\u201d, em outra sinaliza\u00e7\u00e3o de que tem se inspirado na t\u00e1tica de governos comunistas, como ocorre atualmente na China.<\/p>\n\n\n\n<p>O foco \u00e9 voltar ao poder e Lula n\u00e3o nega, apostando na curta mem\u00f3ria do eleitorado em rela\u00e7\u00e3o aos esc\u00e2ndalos de corrup\u00e7\u00e3o que sangraram as contas p\u00fablicas. \u201cTenho dito que o PT precisa voltar para a periferia para aprender a conviver com esse movimento. O que \u00e9 a Igreja Pentecostal, hoje no Brasil? O que eles representam? J\u00e1 s\u00e3o 30% ou 35% da popula\u00e7\u00e3o religiosa. No come\u00e7o do s\u00e9culo passado, era praticamente zero\u201d, contextualizou.<\/p>\n\n\n\n<p>\u201cE o pentecostal da prosperidade t\u00eam uma linguagem f\u00e1cil para conversar com o povo. Porque voc\u00ea tem, de um lado, o autor de todos os problemas, que \u00e9 o diabo, e a solu\u00e7\u00e3o toda, que \u00e9 Deus. E se n\u00e3o tiver solu\u00e7\u00e3o, o cara \u00e9 culpado porque n\u00e3o tem f\u00e9\u201d, acrescentou, repetindo um discurso feito em 2015, em que&nbsp;<a href=\"https:\/\/noticias.gospelmais.com.br\/lula-zomba-pastores-piada-cobrancas-dizimos-76840.html\"><strong>tripudiava da prega\u00e7\u00e3o dos pastores evang\u00e9licos<\/strong><\/a>.<\/p>\n\n\n\n<p>Lula continua acreditando que seu partido tem meios de atrair pastores e fi\u00e9is: \u201cPT tem muita gente evang\u00e9lica. A Marina Silva [hoje na Rede] \u00e9 evang\u00e9lica, embora ela tenha come\u00e7ado a sua forma\u00e7\u00e3o dentro de um convento cat\u00f3lico, ela virou evang\u00e9lica e era uma pessoa ligada \u00e0 igreja evang\u00e9lica no meu governo. A Benedita da Silva \u00e9 um s\u00edmbolo de uma figura petista evang\u00e9lica. O Walter Pinheiro, que foi senador pelo PT da Bahia, era evang\u00e9lico e uma figura muito atuante na igreja. Muita gente na periferia, que \u00e9 do PT, \u00e9 evang\u00e9lica\u201d, finalizou.<\/p>\n\n\n\n<p><strong>PSDB<\/strong><\/p>\n\n\n\n<p>A proposta de se aproximar dos evang\u00e9licos n\u00e3o passou despercebida pelo PSDB, \u00fanica legenda de centro-esquerda que jamais se aliou ao PT.<\/p>\n\n\n\n<p>Os tucanos ironizaram a declara\u00e7\u00e3o recente de Lula de que teria \u201cjeit\u00e3o de pastor\u201d e lembraram do hist\u00f3rico do ex-presidente, acostumado a mudar de opini\u00e3o conforme a conveni\u00eancia: \u201cO pr\u00f3ximo passo \u00e9 abrir uma igreja e se intitular bispo\u201d, ironizou o partido no Twitter.<\/p>\n\n\n\n<p>Fonte: gospelmais<br><\/p>\n","protected":false},"excerpt":{"rendered":"<p>Lula segue sua cantilena de reaproxima\u00e7\u00e3o com os evang\u00e9licos, repetindo \u00e0 exaust\u00e3o que o PT deve entender a forma de pensar do p\u00fablico desse segmento para retornar ao poder. Em suas entrevistas, o ex-presidente deixa transparecer, tamb\u00e9m, que equipara Deus ao Estado, um racioc\u00ednio t\u00edpico de lideran\u00e7as comunistas. A temporada de 580 dias na cadeia [&hellip;]<\/p>\n","protected":false},"author":2,"featured_media":4804,"comment_status":"open","ping_status":"open","sticky":false,"template":"","format":"standard","meta":[],"categories":[6,4],"tags":[],"_links":{"self":[{"href":"https:\/\/dgospel.com.br\/portal\/index.php\/wp-json\/wp\/v2\/posts\/4803"}],"collection":[{"href":"https:\/\/dgospel.com.br\/portal\/index.php\/wp-json\/wp\/v2\/posts"}],"about":[{"href":"https:\/\/dgospel.com.br\/portal\/index.php\/wp-json\/wp\/v2\/types\/post"}],"author":[{"embeddable":true,"href":"https:\/\/dgospel.com.br\/portal\/index.php\/wp-json\/wp\/v2\/users\/2"}],"replies":[{"embeddable":true,"href":"https:\/\/dgospel.com.br\/portal\/index.php\/wp-json\/wp\/v2\/comments?post=4803"}],"version-history":[{"count":1,"href":"https:\/\/dgospel.com.br\/portal\/index.php\/wp-json\/wp\/v2\/posts\/4803\/revisions"}],"predecessor-version":[{"id":4805,"href":"https:\/\/dgospel.com.br\/portal\/index.php\/wp-json\/wp\/v2\/posts\/4803\/revisions\/4805"}],"wp:featuredmedia":[{"embeddable":true,"href":"https:\/\/dgospel.com.br\/portal\/index.php\/wp-json\/wp\/v2\/media\/4804"}],"wp:attachment":[{"href":"https:\/\/dgospel.com.br\/portal\/index.php\/wp-json\/wp\/v2\/media?parent=4803"}],"wp:term":[{"taxonomy":"category","embeddable":true,"href":"https:\/\/dgospel.com.br\/portal\/index.php\/wp-json\/wp\/v2\/categories?post=4803"},{"taxonomy":"post_tag","embeddable":true,"href":"https:\/\/dgospel.com.br\/portal\/index.php\/wp-json\/wp\/v2\/tags?post=4803"}],"curies":[{"name":"wp","href":"https:\/\/api.w.org\/{rel}","templated":true}]}}