{"id":481,"date":"2018-06-07T00:10:32","date_gmt":"2018-06-07T03:10:32","guid":{"rendered":"http:\/\/dgospel.com.br\/portal\/?p=481"},"modified":"2018-06-07T00:10:32","modified_gmt":"2018-06-07T03:10:32","slug":"mario-lucio-descarta-apoiar-qualquer-candidato-no-2o-turno-e-conclama-populacao-a-votar-nulo","status":"publish","type":"post","link":"https:\/\/dgospel.com.br\/portal\/index.php\/2018\/06\/07\/mario-lucio-descarta-apoiar-qualquer-candidato-no-2o-turno-e-conclama-populacao-a-votar-nulo\/","title":{"rendered":"M\u00e1rio L\u00facio descarta apoiar qualquer candidato no 2\u00ba turno e conclama popula\u00e7\u00e3o a votar nulo"},"content":{"rendered":"<p>Em Carta Aberta divulgada nesta quarta-feira, 06, M\u00e1rio L\u00facio de Avelar, candidato ao Governo do Tocantins pelo PSOL, agradeceu o apoio de eleitores e afirmou que n\u00e3o ir\u00e1 apoiar nenhum dos candidatos que disputam o segundo turno das elei\u00e7\u00f5es suplementares.<\/p>\n<p>&nbsp;<\/p>\n<p>Segundo ele, \u201cas op\u00e7\u00f5es apresentadas aos eleitores ilustram tudo aquilo que combati ao longo dos quase 30 anos de hist\u00f3ria deste Estado. O que se pode esperar dessa gente? Nada al\u00e9m da corrup\u00e7\u00e3o, nepotismo, desmando e incompet\u00eancia. Deles pode-se dizer uma \u00fanica frase: vendilh\u00f5es do povo\u201d, afirmou.<\/p>\n<p>&nbsp;<\/p>\n<p>Referindo-se aos candidatos Vicentinho Alves (PR) e Mauro Carlesse (PHS), M\u00e1rio L\u00facio lembrou que por tr\u00e1s deles est\u00e3o os dois grupos pol\u00edticos que dominam o Tocantins desde a cria\u00e7\u00e3o do estado.\u00a0 \u201cDe um lado, um grupo que tem por tr\u00e1s de si o fracassado Governo Temer e uma das oligarquias dominantes deste estado, a fam\u00edlia Miranda. Do outro, um candidato falsamente revestido de \u201cnovo\u201d e que se apresenta como filho da terra, mas que re\u00fane consigo o mais pernicioso grupo pol\u00edtico do Tocantins, a fam\u00edlia de Siqueira Campos, seus asseclas e grupos econ\u00f4micos beneficiados de sempre\u201d, disse.<\/p>\n<p>&nbsp;<\/p>\n<p>Procurador da Rep\u00fablica licenciado, M\u00e1rio L\u00facio, listou processos que os dois candidatos respondem. \u201cTodos possuem contra si infind\u00e1veis acusa\u00e7\u00f5es de favorecimento il\u00edcito, locupletamento \u00e0 custa do dinheiro p\u00fablico e a responsabilidade pelo desequil\u00edbrio das contas do estado. Em ambos os lados vejo os velhos conhecidos de sempre e das investiga\u00e7\u00f5es que comandei no Minist\u00e9rio P\u00fablico Federal. Lamentavelmente, a escolha feita por menos de um ter\u00e7o do eleitorado tocantinense n\u00e3o \u00e9 capaz de oferecer qualquer esperan\u00e7a de mudan\u00e7a nos rumos do Governo Estadual. Estamos fadados ao agravamento da crise financeira, ao estrangulamento das contas p\u00fablicas e ao completo caos na gest\u00e3o estadual\u201d, afirmou cobrando tamb\u00e9m rigor dos \u00f3rg\u00e3os de controle para o uso da m\u00e1quina p\u00fablica em favor do governo interino.<\/p>\n<p>&nbsp;<\/p>\n<p><strong>Voto Nulo<\/strong><\/p>\n<p>&nbsp;<\/p>\n<p>M\u00e1rio L\u00facio tamb\u00e9m listou diversas dificuldades enfrentadas desde que decidiu concorrer nas elei\u00e7\u00f5es suplementares e conclamou os eleitores a darem seu voto de protesto nas urnas. \u201cAs profundas limita\u00e7\u00f5es materiais e pessoais do nosso grupo, o curt\u00edssimo tempo de apenas 15 dias de campanha e a instabilidade gerada por in\u00fameros questionamentos jur\u00eddicos em rela\u00e7\u00e3o ao PSOL e \u00e0 minha candidatura n\u00e3o me deixam outra alternativa que n\u00e3o seja a de conclamar todos os tocantinenses para que se unam aos mais de 50% dos eleitores que j\u00e1 demonstraram sua insatisfa\u00e7\u00e3o ou menosprezo ao processo pol\u00edtico-eleitoral no primeiro turno da elei\u00e7\u00e3o e digam n\u00e3o aos candidatos que a\u00ed est\u00e3o! Meu voto ser\u00e1 NULO e recomendo isso a todos aqueles que nos acompanharam nessa empreitada e aos demais eleitores que tamb\u00e9m se posicionaram contra as candidaturas da pol\u00edtica tradicional\u2019, afirmou.<\/p>\n<p>&nbsp;<\/p>\n<p>Durante a campanha, o Tribunal Regional Eleitoral (TER) indeferiu o Demonstrativo de Regularidade de Atos Partid\u00e1rios (DRAP) do PSOL e o registro da candidatura sob alega\u00e7\u00e3o da n\u00e3o apresenta\u00e7\u00e3o das contas partid\u00e1rias no tempo legal. A decis\u00e3o foi revertida pelo Tribunal Superior Eleitoral (TSE) em ac\u00f3rd\u00e3o un\u00e2nime. Dias depois, quando retomou o julgamento, o TRE indeferiu o registro da candidatura ao fazer uma interpreta\u00e7\u00e3o equivocada de um artigo da Constitui\u00e7\u00e3o, segundo o candidato. \u00c0s v\u00e9speras da vota\u00e7\u00e3o, outro problema. A Justi\u00e7a Eleitoral lan\u00e7ou em seu portal de internet e no aplicativo \u201cresultado\u201d que os votos dados ao candidato M\u00e1rio L\u00facio de Avelar seriam computados como nulos. \u201cN\u00e3o \u00e9 preciso dizer como os nossos advers\u00e1rios exploraram o voto \u00fatil e usaram de expediente pequeno para alvejar uma campanha que crescia merc\u00ea de propostas s\u00e9rias, coerentes e da boa participa\u00e7\u00e3o nos debates eleitorais\u201d, afirmou.<\/p>\n<p>&nbsp;<\/p>\n<p>Nos pr\u00f3ximos dias, o Tribunal Superior Eleitoral deve julgar o recurso sobre o registro de candidatura de M\u00e1rio L\u00facio, mantido sub judice at\u00e9 agora. A decis\u00e3o de concorrer ou n\u00e3o nas elei\u00e7\u00f5es de outubro vai depender do parecer dos ministros e de poss\u00edvel recurso ao Supremo Tribunal Federal.<\/p>\n<p><a href=\"http:\/\/dgospel.com.br\/portal\/wp-content\/uploads\/2018\/06\/CARTA-ABERTA-AO-POVO-DO-TOCANTINS.pdf\">CARTA ABERTA AO POVO DO TOCANTINS<\/a><\/p>\n","protected":false},"excerpt":{"rendered":"<p>Em Carta Aberta divulgada nesta quarta-feira, 06, M\u00e1rio L\u00facio de Avelar, candidato ao Governo do Tocantins pelo PSOL, agradeceu o apoio de eleitores e afirmou que n\u00e3o ir\u00e1 apoiar nenhum dos candidatos que disputam o segundo turno das elei\u00e7\u00f5es suplementares. &nbsp; Segundo ele, \u201cas op\u00e7\u00f5es apresentadas aos eleitores ilustram tudo aquilo que combati ao longo [&hellip;]<\/p>\n","protected":false},"author":2,"featured_media":123,"comment_status":"open","ping_status":"open","sticky":false,"template":"","format":"standard","meta":[],"categories":[2,4],"tags":[],"_links":{"self":[{"href":"https:\/\/dgospel.com.br\/portal\/index.php\/wp-json\/wp\/v2\/posts\/481"}],"collection":[{"href":"https:\/\/dgospel.com.br\/portal\/index.php\/wp-json\/wp\/v2\/posts"}],"about":[{"href":"https:\/\/dgospel.com.br\/portal\/index.php\/wp-json\/wp\/v2\/types\/post"}],"author":[{"embeddable":true,"href":"https:\/\/dgospel.com.br\/portal\/index.php\/wp-json\/wp\/v2\/users\/2"}],"replies":[{"embeddable":true,"href":"https:\/\/dgospel.com.br\/portal\/index.php\/wp-json\/wp\/v2\/comments?post=481"}],"version-history":[{"count":1,"href":"https:\/\/dgospel.com.br\/portal\/index.php\/wp-json\/wp\/v2\/posts\/481\/revisions"}],"predecessor-version":[{"id":483,"href":"https:\/\/dgospel.com.br\/portal\/index.php\/wp-json\/wp\/v2\/posts\/481\/revisions\/483"}],"wp:featuredmedia":[{"embeddable":true,"href":"https:\/\/dgospel.com.br\/portal\/index.php\/wp-json\/wp\/v2\/media\/123"}],"wp:attachment":[{"href":"https:\/\/dgospel.com.br\/portal\/index.php\/wp-json\/wp\/v2\/media?parent=481"}],"wp:term":[{"taxonomy":"category","embeddable":true,"href":"https:\/\/dgospel.com.br\/portal\/index.php\/wp-json\/wp\/v2\/categories?post=481"},{"taxonomy":"post_tag","embeddable":true,"href":"https:\/\/dgospel.com.br\/portal\/index.php\/wp-json\/wp\/v2\/tags?post=481"}],"curies":[{"name":"wp","href":"https:\/\/api.w.org\/{rel}","templated":true}]}}