{"id":4816,"date":"2020-02-04T09:44:39","date_gmt":"2020-02-04T12:44:39","guid":{"rendered":"http:\/\/dgospel.com.br\/portal\/?p=4816"},"modified":"2020-02-04T09:44:40","modified_gmt":"2020-02-04T12:44:40","slug":"governador-mauro-carlesse-lanca-segunda-etapa-de-qualificacao-profissional-para-mulheres-de-baixa-renda","status":"publish","type":"post","link":"https:\/\/dgospel.com.br\/portal\/index.php\/2020\/02\/04\/governador-mauro-carlesse-lanca-segunda-etapa-de-qualificacao-profissional-para-mulheres-de-baixa-renda\/","title":{"rendered":"Governador Mauro Carlesse lan\u00e7a segunda etapa de qualifica\u00e7\u00e3o profissional para mulheres de baixa renda"},"content":{"rendered":"\n<p>Cheias de expectativa e vontade de imprimir a identidade feminina em \u00e1reas de trabalho tradicionalmente masculinas, as alunas das primeiras turmas de 2020 do Projeto Jeito de Mulher participaram do lan\u00e7amento da segunda etapa, nesta segunda-feira, 3,&nbsp; no audit\u00f3rio do Pal\u00e1cio Araguaia, em Palmas.<\/p>\n\n\n\n<p>O Projeto de gera\u00e7\u00e3o de emprego e renda executado pelo Governo do Estado, por meio da Secretaria do Trabalho e Desenvolvimento Social (Setas)\/Sistema Nacional de Emprego (Sine) beneficiou 210 mulheres de oito munic\u00edpios do Estado em sua primeira etapa realizada entre 2016 e 2017. Na segunda etapa lan\u00e7ada nessa segunda-feira, 3, ser\u00e3o beneficiadas mais 225, totalizando 435 mulheres.<\/p>\n\n\n\n<p>O evento contou com a presen\u00e7a do governador do Tocantins, Mauro Carlesse, acompanhado da primeira-dama, Fernanda Mendon\u00e7a Carlesse, o vice-governador Wanderlei&nbsp;Barbosa, representantes do poder judici\u00e1rio, secret\u00e1rios de Estado entre outras autoridades.<\/p>\n\n\n\n<p>Na ocasi\u00e3o, o governador do Estado, Mauro Carlesse, ressaltou que as mulheres j\u00e1 est\u00e3o presentes em todas as esferas da sociedade, mas que \u00e9 necess\u00e1rio lembrar&nbsp;&nbsp;daquelas que tiveram menos oportunidades: \u201cO Governo e sua equipe tem feito esse trabalho e \u00e9 isso que queremos melhorar cada vez mais a vida das mulheres que tanto tem interesse e tanto precisam\u201d. Durante o evento foi divulgada a abertura das inscri\u00e7\u00f5es para os cursos de qualifica\u00e7\u00e3o que ser\u00e3o realizados nos munic\u00edpios de Araguatins, Dian\u00f3polis, Guara\u00ed e Gurupi.<\/p>\n\n\n\n<p>Para o secret\u00e1rio do Trabalho e do Desenvolvimento Social, Jos\u00e9 Messias Ara\u00fajo, qualificar a popula\u00e7\u00e3o \u00e9 a forma mais eficaz de apostar em sua autonomia: &#8220;Esse Governo acredita que o lucro do poder p\u00fablico \u00e9 atender as pessoas e guiados por esse lema lan\u00e7amos a segunda etapa deste importante Projeto&#8221;, anunciou o secret\u00e1rio<\/p>\n\n\n\n<p>As autoridades presentes realizaram a entrega simb\u00f3lica dos kits de materiais did\u00e1ticos, compostos de apostila, camiseta, crach\u00e1, caneta, caderno, l\u00e1pis, borracha, e bolsa.<\/p>\n\n\n\n<p>Entre as alunas presentes no evento, Maria do Carmo de Almeida Cavalcante, falou sobre suas habilidades e vontade de trabalhar como mec\u00e2nica: \u201cJ\u00e1 fiz o curso de assistente de obras e me ajuda muito, todo reparo na minha casa sou eu mesma quem fa\u00e7o. Estou com muita expectativa de aprender e ter a oportunidade de colocar em pr\u00e1tica o conhecimento em mec\u00e2nica\u201d. Maria do Carmo \u00e9 de Palmas e est\u00e1 matriculada no curso de Mec\u00e2nica de Motor a Gasolina e \u00c1lcool (260h). Na Capital, ser\u00e3o oferecidas tamb\u00e9m as qualifica\u00e7\u00f5es em Pedreiro (200 horas) e Mec\u00e2nica de Inje\u00e7\u00e3o Eletr\u00f4nica (160 horas).<\/p>\n\n\n\n<p>J\u00e1 Roberta Deodoro Matos \u00e9 merendeira em Porto Nacional e viu, no curso de Derivados do Leite, a chance de se aperfei\u00e7oar e aumentar a renda familiar: \u201cEstou com muita vontade de adquirir novos conhecimentos, melhorar o lanche das minhas crian\u00e7as e crescer profissionalmente\u201d, declarou.<\/p>\n\n\n\n<p>Al\u00e9m do lan\u00e7amento, o evento contou com uma palestra motivacional proferida pela secret\u00e1ria estadual da Educa\u00e7\u00e3o, Juventude e Esportes, Adriana Aguiar, com o tema \u201cA Educa\u00e7\u00e3o como instrumento de supera\u00e7\u00e3o\u201d. Na ocasi\u00e3o, ocorreu tamb\u00e9m a aula inaugural com a palestra \u201cA mulher na sociedade brasileira: rela\u00e7\u00f5es sociais e desafios\u201d que foi proferida pela doutora em Servi\u00e7o Social e professora da Universidade Federal do Tocantins, Rosemeire dos Santos.<\/p>\n\n\n\n<p><strong>Sobre o Projeto<\/strong><\/p>\n\n\n\n<p>O Projeto conta com recursos de mais de R$ 880 mil do Minist\u00e9rio da Mulher, Fam\u00edlia e Direitos Humanos, com contrapartida e execu\u00e7\u00e3o do Governo do Tocantins.<\/p>\n\n\n\n<p>O p\u00fablico alvo s\u00e3o mulheres preferencialmente de baixa renda, em condi\u00e7\u00e3o de desemprego ou subemprego, e aquelas que almejam a inser\u00e7\u00e3o no mercado de trabalho para atuar em \u00e1reas consideradas tradicionalmente masculinas.<\/p>\n\n\n\n<p>Al\u00e9m de participarem dos cursos gratuitamente, as alunas s\u00e3o contempladas com todo o material did\u00e1tico das aulas te\u00f3ricas, os materiais e os equipamentos de seguran\u00e7a necess\u00e1rios para as disciplinas pr\u00e1ticas, al\u00e9m de alimenta\u00e7\u00e3o e vale-transporte.<\/p>\n\n\n\n<p>Cada turma contar\u00e1 com 15 vagas, e ser\u00e3o feitas inscri\u00e7\u00f5es para um cadastro de reserva.<\/p>\n\n\n\n<p>Aragua\u00edna &#8211; Eletricista de Instala\u00e7\u00f5es Comerciais e Residenciais (180 horas)<\/p>\n\n\n\n<p>Araguatins \u2013 Produ\u00e7\u00e3o de Derivados de Leite (80 horas);<\/p>\n\n\n\n<p>Dian\u00f3polis &#8211; Produ\u00e7\u00e3o de Derivados de Leite (80 horas) e Instalador de Alarme Residencial (80 horas);<\/p>\n\n\n\n<p>Guara\u00ed &#8211; Produ\u00e7\u00e3o de Derivados de Leite (80 horas);<\/p>\n\n\n\n<p>Gurupi &#8211; Produ\u00e7\u00e3o de Derivados de Leite (80 horas) e Mec\u00e2nica de Manuten\u00e7\u00e3o de Motocicleta (160 horas);<\/p>\n\n\n\n<p>Para\u00edso do Tocantins &#8211; Mec\u00e2nica de Manuten\u00e7\u00e3o de Motocicleta (160 horas) e Produ\u00e7\u00e3o de Derivados de Leite (80 horas);<\/p>\n\n\n\n<p>Porto Nacional \u2013 Mec\u00e2nica de Manuten\u00e7\u00e3o de Motocicleta (160 horas), Produ\u00e7\u00e3o de Derivados de Leite (80 horas) e Pedreiro (200 horas).<\/p>\n","protected":false},"excerpt":{"rendered":"<p>Cheias de expectativa e vontade de imprimir a identidade feminina em \u00e1reas de trabalho tradicionalmente masculinas, as alunas das primeiras turmas de 2020 do Projeto Jeito de Mulher participaram do lan\u00e7amento da segunda etapa, nesta segunda-feira, 3,&nbsp; no audit\u00f3rio do Pal\u00e1cio Araguaia, em Palmas. O Projeto de gera\u00e7\u00e3o de emprego e renda executado pelo Governo [&hellip;]<\/p>\n","protected":false},"author":2,"featured_media":4817,"comment_status":"open","ping_status":"open","sticky":false,"template":"","format":"standard","meta":[],"categories":[4],"tags":[],"_links":{"self":[{"href":"https:\/\/dgospel.com.br\/portal\/index.php\/wp-json\/wp\/v2\/posts\/4816"}],"collection":[{"href":"https:\/\/dgospel.com.br\/portal\/index.php\/wp-json\/wp\/v2\/posts"}],"about":[{"href":"https:\/\/dgospel.com.br\/portal\/index.php\/wp-json\/wp\/v2\/types\/post"}],"author":[{"embeddable":true,"href":"https:\/\/dgospel.com.br\/portal\/index.php\/wp-json\/wp\/v2\/users\/2"}],"replies":[{"embeddable":true,"href":"https:\/\/dgospel.com.br\/portal\/index.php\/wp-json\/wp\/v2\/comments?post=4816"}],"version-history":[{"count":1,"href":"https:\/\/dgospel.com.br\/portal\/index.php\/wp-json\/wp\/v2\/posts\/4816\/revisions"}],"predecessor-version":[{"id":4818,"href":"https:\/\/dgospel.com.br\/portal\/index.php\/wp-json\/wp\/v2\/posts\/4816\/revisions\/4818"}],"wp:featuredmedia":[{"embeddable":true,"href":"https:\/\/dgospel.com.br\/portal\/index.php\/wp-json\/wp\/v2\/media\/4817"}],"wp:attachment":[{"href":"https:\/\/dgospel.com.br\/portal\/index.php\/wp-json\/wp\/v2\/media?parent=4816"}],"wp:term":[{"taxonomy":"category","embeddable":true,"href":"https:\/\/dgospel.com.br\/portal\/index.php\/wp-json\/wp\/v2\/categories?post=4816"},{"taxonomy":"post_tag","embeddable":true,"href":"https:\/\/dgospel.com.br\/portal\/index.php\/wp-json\/wp\/v2\/tags?post=4816"}],"curies":[{"name":"wp","href":"https:\/\/api.w.org\/{rel}","templated":true}]}}