{"id":4819,"date":"2020-02-04T09:59:50","date_gmt":"2020-02-04T12:59:50","guid":{"rendered":"http:\/\/dgospel.com.br\/portal\/?p=4819"},"modified":"2020-02-04T09:59:51","modified_gmt":"2020-02-04T12:59:51","slug":"transferencia-da-embaixada-para-jerusalem-deve-acontecer-ate-2021-diz-bolsonaro","status":"publish","type":"post","link":"https:\/\/dgospel.com.br\/portal\/index.php\/2020\/02\/04\/transferencia-da-embaixada-para-jerusalem-deve-acontecer-ate-2021-diz-bolsonaro\/","title":{"rendered":"Transfer\u00eancia da embaixada para Jerusal\u00e9m deve acontecer at\u00e9 2021, diz Bolsonaro"},"content":{"rendered":"\n<p>O presidente Jair Bolsonaro voltou a tocar no assunto da&nbsp;<strong><a href=\"https:\/\/guiame.com.br\/gospel\/israel\/bolsonaro-diz-que-motivo-para-transferir-embaixada-para-jerusalem-e-lealdade-deus.html\">transfer\u00eancia da Embaixada do Brasil em Israel de Tel Aviv para Jerusal\u00e9m<\/a><\/strong>, afirmando que isso deve ser executado at\u00e9 o ano de 2021.<\/p>\n\n\n\n<p>Apesar de o coment\u00e1rio ter sido feito no m\u00eas de dezembro (2019), durante uma entrevista concedida ao pastor Silas Malafaia (ADVEC), o conte\u00fado s\u00f3 foi divulgado nesta segunda-feira, 3.<\/p>\n\n\n\n<p>Na entrevista, Bolsonaro explicou que durante viagem ao Oriente M\u00e9dio, no m\u00eas de outubro (2019), falou com lideran\u00e7as locais sobre a transfer\u00eancia da Embaixada do Brasil em Israel e a rea\u00e7\u00e3o delas&nbsp;foi positiva.<\/p>\n\n\n\n<p>&#8220;O sentimento que eu tenho. todas essas conversas foram no reservado, Ar\u00e1bia Saudita, Catar, Emirados \u00c1rabes, entre outros, s\u00f3 o int\u00e9rprete ali. &#8216;Olha, a situa\u00e7\u00e3o \u00e9 essa&#8217;. S\u00f3 teve uma que achou que ficou meio assim, mas deu sinal verde. Os outros chefes de Estado todos falaram que \u00e9 uma quest\u00e3o interna do Brasil. Ent\u00e3o estamos caminhando para isso. N\u00e3o vou dizer 2020, no m\u00e1ximo 2021, se Deus quiser, vai nascer sem atritos&#8221;, disse Bolsonaro.<\/p>\n\n\n\n<p>No ano passado, Bolsonaro j\u00e1 havia decidido criar provisoriamente,&nbsp;<strong><a href=\"https:\/\/www.guiame.com.br\/gospel\/israel\/bolsonaro-estuda-abrir-escritorio-de-negocios-em-jerusalem.html\">um escrit\u00f3rio de neg\u00f3cios em Jerusal\u00e9m<\/a><\/strong>. Por\u00e9m, sabia que a cobran\u00e7a dos brasileiros favor\u00e1veis a Israel &#8211; em grande parte, evang\u00e9licos &#8211; n\u00e3o iria cessar at\u00e9 que a mudan\u00e7a da embaixada para Jerusal\u00e9m fosse efetivada, assim como Estados Unidos fizeram.<\/p>\n\n\n\n<p>&#8220;O com\u00e9rcio hoje em dia n\u00e3o tem ideologia. Voc\u00ea vai deixar de comprar do Brasil por uma quest\u00e3o dessa? Vai comprar de outro pa\u00eds? Vai aumentar o pre\u00e7o pro lado de l\u00e1 e n\u00f3s n\u00e3o estamos afrontando, Malafaia, estamos conversando, Malafaia. \u00c9 um convencimento. Pode ter certeza que voc\u00ea ser\u00e1 o primeiro a saber e ser\u00e1 convidado para esse ato. Se Deus quiser, n\u00e3o vai demorar a acontecer&#8221;, afirmou o presidente.<a href=\"\"><\/a><\/p>\n\n\n\n<p>FONTE: GUIAME <\/p>\n","protected":false},"excerpt":{"rendered":"<p>O presidente Jair Bolsonaro voltou a tocar no assunto da&nbsp;transfer\u00eancia da Embaixada do Brasil em Israel de Tel Aviv para Jerusal\u00e9m, afirmando que isso deve ser executado at\u00e9 o ano de 2021. Apesar de o coment\u00e1rio ter sido feito no m\u00eas de dezembro (2019), durante uma entrevista concedida ao pastor Silas Malafaia (ADVEC), o conte\u00fado [&hellip;]<\/p>\n","protected":false},"author":2,"featured_media":4820,"comment_status":"open","ping_status":"open","sticky":false,"template":"","format":"standard","meta":[],"categories":[6,4],"tags":[],"_links":{"self":[{"href":"https:\/\/dgospel.com.br\/portal\/index.php\/wp-json\/wp\/v2\/posts\/4819"}],"collection":[{"href":"https:\/\/dgospel.com.br\/portal\/index.php\/wp-json\/wp\/v2\/posts"}],"about":[{"href":"https:\/\/dgospel.com.br\/portal\/index.php\/wp-json\/wp\/v2\/types\/post"}],"author":[{"embeddable":true,"href":"https:\/\/dgospel.com.br\/portal\/index.php\/wp-json\/wp\/v2\/users\/2"}],"replies":[{"embeddable":true,"href":"https:\/\/dgospel.com.br\/portal\/index.php\/wp-json\/wp\/v2\/comments?post=4819"}],"version-history":[{"count":1,"href":"https:\/\/dgospel.com.br\/portal\/index.php\/wp-json\/wp\/v2\/posts\/4819\/revisions"}],"predecessor-version":[{"id":4821,"href":"https:\/\/dgospel.com.br\/portal\/index.php\/wp-json\/wp\/v2\/posts\/4819\/revisions\/4821"}],"wp:featuredmedia":[{"embeddable":true,"href":"https:\/\/dgospel.com.br\/portal\/index.php\/wp-json\/wp\/v2\/media\/4820"}],"wp:attachment":[{"href":"https:\/\/dgospel.com.br\/portal\/index.php\/wp-json\/wp\/v2\/media?parent=4819"}],"wp:term":[{"taxonomy":"category","embeddable":true,"href":"https:\/\/dgospel.com.br\/portal\/index.php\/wp-json\/wp\/v2\/categories?post=4819"},{"taxonomy":"post_tag","embeddable":true,"href":"https:\/\/dgospel.com.br\/portal\/index.php\/wp-json\/wp\/v2\/tags?post=4819"}],"curies":[{"name":"wp","href":"https:\/\/api.w.org\/{rel}","templated":true}]}}