{"id":4822,"date":"2020-02-04T12:29:45","date_gmt":"2020-02-04T15:29:45","guid":{"rendered":"http:\/\/dgospel.com.br\/portal\/?p=4822"},"modified":"2020-02-04T12:29:50","modified_gmt":"2020-02-04T15:29:50","slug":"investimentos-e-parcerias-sao-anunciados-na-retomada-dos-trabalhos-da-assembleia","status":"publish","type":"post","link":"https:\/\/dgospel.com.br\/portal\/index.php\/2020\/02\/04\/investimentos-e-parcerias-sao-anunciados-na-retomada-dos-trabalhos-da-assembleia\/","title":{"rendered":"Investimentos e parcerias s\u00e3o anunciados na retomada dos trabalhos da Assembleia"},"content":{"rendered":"\n<p>A primeira Reuni\u00e3o Plen\u00e1ria de 2020, realizada na manh\u00e3 desta ter\u00e7a-feira, 04, marcou o recome\u00e7o dos trabalhos da 2\u00aa Sess\u00e3o Legislativa da 9\u00aa Legislatura, com Sess\u00e3o Especial conduzida pelo presidente da Assembleia Legislativa, deputado Ant\u00f4nio Andrade (PTB).<br><\/p>\n\n\n\n<p>A solenidade contou com a presen\u00e7a do senador Eduardo Gomes (MDB), al\u00e9m de outras autoridades representantes dos poderes constitu\u00eddos do Estado e da Capital.<\/p>\n\n\n\n<p>Ap\u00f3s apresenta\u00e7\u00f5es art\u00edsticas e momento ecum\u00eanico, o primeiro pronunciamento ficou por conta do senador Eduardo Gomes. Ele destacou a import\u00e2ncia das parcerias nas a\u00e7\u00f5es de desenvolvimento do Estado entre todos os agentes pol\u00edticos. Anunciou tamb\u00e9m investimentos de mais de R$ 300 milh\u00f5es oriundos da Companhia de Desenvolvimento dos Vales do S\u00e3o Francisco e do Parna\u00edba (Codevasf) no Tocantins.<\/p>\n\n\n\n<p>Em seguida, o secret\u00e1rio-chefe da Casa Civil, Rolf Vidal, apresentou a mensagem do governador Mauro Carlesse (DEM), destacando a\u00e7\u00f5es e resultados da gest\u00e3o, al\u00e9m de projetos e metas a serem implementados at\u00e9 o final do mandato, em 2022. A mensagem foi encaminhada \u00e0 Comiss\u00e3o de Finan\u00e7as.<\/p>\n\n\n\n<p>J\u00e1 o deputado Ant\u00f4nio Andrade, em seu discurso, disse que \u201cParlamento tocantinense, neste transformativo per\u00edodo de novas pr\u00e1ticas legislativas, da vis\u00edvel modernidade nas rela\u00e7\u00f5es entre poderes, e fomentador de ideias conectadas com a sociedade, se qualificou verdadeiramente como a Casa do Povo\u201d.<\/p>\n\n\n\n<p>Tamb\u00e9m fizeram uso da palavra os parlamentares Fabion Gomes (PL), Z\u00e9 Roberto (PT), Am\u00e9lio Cayres (Solidariedade), Am\u00e1lia Santana (PT), Issam Saado (PV), Elenil da Penha (PMDB), Valderez Castelo Branco (PP), L\u00e9o Barbosa (Solidariedade), Clayton Cardoso (PTC). Todos manifestaram grandes expectativas e comprometimento do Parlamento com os anseios do povo, especialmente com a popula\u00e7\u00e3o mais carente e vulner\u00e1vel do Estado do Tocantins.&nbsp; (Penaforte)<\/p>\n","protected":false},"excerpt":{"rendered":"<p>A primeira Reuni\u00e3o Plen\u00e1ria de 2020, realizada na manh\u00e3 desta ter\u00e7a-feira, 04, marcou o recome\u00e7o dos trabalhos da 2\u00aa Sess\u00e3o Legislativa da 9\u00aa Legislatura, com Sess\u00e3o Especial conduzida pelo presidente da Assembleia Legislativa, deputado Ant\u00f4nio Andrade (PTB). A solenidade contou com a presen\u00e7a do senador Eduardo Gomes (MDB), al\u00e9m de outras autoridades representantes dos poderes [&hellip;]<\/p>\n","protected":false},"author":2,"featured_media":4823,"comment_status":"open","ping_status":"open","sticky":false,"template":"","format":"standard","meta":[],"categories":[8,4],"tags":[],"_links":{"self":[{"href":"https:\/\/dgospel.com.br\/portal\/index.php\/wp-json\/wp\/v2\/posts\/4822"}],"collection":[{"href":"https:\/\/dgospel.com.br\/portal\/index.php\/wp-json\/wp\/v2\/posts"}],"about":[{"href":"https:\/\/dgospel.com.br\/portal\/index.php\/wp-json\/wp\/v2\/types\/post"}],"author":[{"embeddable":true,"href":"https:\/\/dgospel.com.br\/portal\/index.php\/wp-json\/wp\/v2\/users\/2"}],"replies":[{"embeddable":true,"href":"https:\/\/dgospel.com.br\/portal\/index.php\/wp-json\/wp\/v2\/comments?post=4822"}],"version-history":[{"count":1,"href":"https:\/\/dgospel.com.br\/portal\/index.php\/wp-json\/wp\/v2\/posts\/4822\/revisions"}],"predecessor-version":[{"id":4824,"href":"https:\/\/dgospel.com.br\/portal\/index.php\/wp-json\/wp\/v2\/posts\/4822\/revisions\/4824"}],"wp:featuredmedia":[{"embeddable":true,"href":"https:\/\/dgospel.com.br\/portal\/index.php\/wp-json\/wp\/v2\/media\/4823"}],"wp:attachment":[{"href":"https:\/\/dgospel.com.br\/portal\/index.php\/wp-json\/wp\/v2\/media?parent=4822"}],"wp:term":[{"taxonomy":"category","embeddable":true,"href":"https:\/\/dgospel.com.br\/portal\/index.php\/wp-json\/wp\/v2\/categories?post=4822"},{"taxonomy":"post_tag","embeddable":true,"href":"https:\/\/dgospel.com.br\/portal\/index.php\/wp-json\/wp\/v2\/tags?post=4822"}],"curies":[{"name":"wp","href":"https:\/\/api.w.org\/{rel}","templated":true}]}}