{"id":4825,"date":"2020-02-05T10:15:03","date_gmt":"2020-02-05T13:15:03","guid":{"rendered":"http:\/\/dgospel.com.br\/portal\/?p=4825"},"modified":"2020-02-05T10:15:05","modified_gmt":"2020-02-05T13:15:05","slug":"wanderlei-barbosa-e-acipa-atendem-reivindicacao-de-empresarios-e-viabilizam-com-o-governo-prorrogacao-do-icms-complementar","status":"publish","type":"post","link":"https:\/\/dgospel.com.br\/portal\/index.php\/2020\/02\/05\/wanderlei-barbosa-e-acipa-atendem-reivindicacao-de-empresarios-e-viabilizam-com-o-governo-prorrogacao-do-icms-complementar\/","title":{"rendered":"Wanderlei Barbosa e Acipa atendem reivindica\u00e7\u00e3o de empres\u00e1rios e viabilizam com o Governo prorroga\u00e7\u00e3o do ICMS complementar"},"content":{"rendered":"\n<p>O vice-governador do Tocantins, Wanderlei Barbosa, participou na manh\u00e3 desta ter\u00e7a-feira, 4, no Pal\u00e1cio Araguaia, da assinatura da prorroga\u00e7\u00e3o do desconto de 75% no diferencial da al\u00edquota do ICMS para empresas do Simples.<\/p>\n\n\n\n<p>Wanderlei Barbosa, sens\u00edvel \u00e0s necessidades da classe empresarial, disse que a conquista \u00e9 resultado do di\u00e1logo feito em diversas reuni\u00f5es com o presidente da Associa\u00e7\u00e3o Comercial e Ind\u00fastria de Palmas (Acipa), Joseph Madeira, e demais representantes de entidades como a Fecom\u00e9rcio, Acomac, Atos, entre outras.<\/p>\n\n\n\n<p>O desconto, por decis\u00e3o do governador Mauro Carlesse, foi prorrogado at\u00e9 2021 e ser\u00e1 publicada no Di\u00e1rio Oficial do Estado da pr\u00f3xima sexta, 07, com efeitos a partir de 1\u00ba de janeiro.<\/p>\n\n\n\n<p>O vice-governador ressaltou a import\u00e2ncia do bom relacionamento que o Governo mant\u00e9m com a classe empresarial. &#8220;Estamos sempre ouvindo e discutindo com os empres\u00e1rios e entidades de classe, pois acreditamos que, juntos, podemos gerar mais empregos e oportunidades para os tocantinenses&#8221;, pontuou o vice-governador.<\/p>\n\n\n\n<p>\u201cAvan\u00e7am os empres\u00e1rios, que unidos fizeram o pleito, as entidades, que de forma colaborativa dialogaram com o governo, e o Estado, que atendendo \u00e0 demanda, fomenta a economia beneficia toda a sociedade, com a gera\u00e7\u00e3o de mais emprego e renda\u201d, destacou Joseph Madeira, Presidente da Acipa.<\/p>\n\n\n\n<p>A reuni\u00e3o contou com a presen\u00e7a tamb\u00e9m de secret\u00e1rios de Estado e empres\u00e1rios. (Elisangela Silva\/Ascom Vice-Governadoria)&nbsp;&nbsp;<\/p>\n","protected":false},"excerpt":{"rendered":"<p>O vice-governador do Tocantins, Wanderlei Barbosa, participou na manh\u00e3 desta ter\u00e7a-feira, 4, no Pal\u00e1cio Araguaia, da assinatura da prorroga\u00e7\u00e3o do desconto de 75% no diferencial da al\u00edquota do ICMS para empresas do Simples. Wanderlei Barbosa, sens\u00edvel \u00e0s necessidades da classe empresarial, disse que a conquista \u00e9 resultado do di\u00e1logo feito em diversas reuni\u00f5es com o [&hellip;]<\/p>\n","protected":false},"author":2,"featured_media":4826,"comment_status":"open","ping_status":"open","sticky":false,"template":"","format":"standard","meta":[],"categories":[3],"tags":[],"_links":{"self":[{"href":"https:\/\/dgospel.com.br\/portal\/index.php\/wp-json\/wp\/v2\/posts\/4825"}],"collection":[{"href":"https:\/\/dgospel.com.br\/portal\/index.php\/wp-json\/wp\/v2\/posts"}],"about":[{"href":"https:\/\/dgospel.com.br\/portal\/index.php\/wp-json\/wp\/v2\/types\/post"}],"author":[{"embeddable":true,"href":"https:\/\/dgospel.com.br\/portal\/index.php\/wp-json\/wp\/v2\/users\/2"}],"replies":[{"embeddable":true,"href":"https:\/\/dgospel.com.br\/portal\/index.php\/wp-json\/wp\/v2\/comments?post=4825"}],"version-history":[{"count":1,"href":"https:\/\/dgospel.com.br\/portal\/index.php\/wp-json\/wp\/v2\/posts\/4825\/revisions"}],"predecessor-version":[{"id":4827,"href":"https:\/\/dgospel.com.br\/portal\/index.php\/wp-json\/wp\/v2\/posts\/4825\/revisions\/4827"}],"wp:featuredmedia":[{"embeddable":true,"href":"https:\/\/dgospel.com.br\/portal\/index.php\/wp-json\/wp\/v2\/media\/4826"}],"wp:attachment":[{"href":"https:\/\/dgospel.com.br\/portal\/index.php\/wp-json\/wp\/v2\/media?parent=4825"}],"wp:term":[{"taxonomy":"category","embeddable":true,"href":"https:\/\/dgospel.com.br\/portal\/index.php\/wp-json\/wp\/v2\/categories?post=4825"},{"taxonomy":"post_tag","embeddable":true,"href":"https:\/\/dgospel.com.br\/portal\/index.php\/wp-json\/wp\/v2\/tags?post=4825"}],"curies":[{"name":"wp","href":"https:\/\/api.w.org\/{rel}","templated":true}]}}